{"id":45641,"date":"2025-12-22T19:37:37","date_gmt":"2025-12-22T19:37:37","guid":{"rendered":"https:\/\/volkerontour.de\/?p=45641"},"modified":"2025-12-22T19:37:37","modified_gmt":"2025-12-22T19:37:37","slug":"tag-5-riad-uschaiqir-buraida","status":"publish","type":"post","link":"https:\/\/volkerontour.de\/?p=45641","title":{"rendered":"Tag 5: Riad &#8211; Uschaiqir &#8211; Buraida"},"content":{"rendered":"<p>Montag, 22.12.: Heute Morgen holten wir (wie gestern bereits angek\u00fcndigt) den Besuch des Nationalmuseums nach. Laut Atef ist es eines der gr\u00f6\u00dften Museen des Landes. Gro\u00df war es schon, sehenswert\u2026 naja. Ich w\u00fcrde sagen, es war o.k. <img decoding=\"async\" class=\"wlEmoticon wlEmoticon-winkingsmile\" style=\"\" alt=\"Winking smile\" src=\"https:\/\/volkerontour.de\/wp-content\/uploads\/2025\/12\/wlEmoticon-winkingsmile-2.png\"><\/p>\n<p><a href=\"https:\/\/volkerontour.de\/wp-content\/uploads\/2025\/12\/IMG_2271.jpg\"><img loading=\"lazy\" decoding=\"async\" width=\"244\" height=\"184\" title=\"IMG_2271\" style=\"display: inline; background-image: none;\" alt=\"IMG_2271\" src=\"https:\/\/volkerontour.de\/wp-content\/uploads\/2025\/12\/IMG_2271_thumb.jpg\" border=\"0\"><\/a>&nbsp;<a href=\"https:\/\/volkerontour.de\/wp-content\/uploads\/2025\/12\/IMG_2272.jpg\"><img loading=\"lazy\" decoding=\"async\" width=\"244\" height=\"184\" title=\"IMG_2272\" style=\"display: inline; background-image: none;\" alt=\"IMG_2272\" src=\"https:\/\/volkerontour.de\/wp-content\/uploads\/2025\/12\/IMG_2272_thumb.jpg\" border=\"0\"><\/a><\/p>\n<p><a href=\"https:\/\/volkerontour.de\/wp-content\/uploads\/2025\/12\/IMG_2275.jpg\"><img loading=\"lazy\" decoding=\"async\" width=\"244\" height=\"184\" title=\"IMG_2275\" style=\"display: inline; background-image: none;\" alt=\"IMG_2275\" src=\"https:\/\/volkerontour.de\/wp-content\/uploads\/2025\/12\/IMG_2275_thumb.jpg\" border=\"0\"><\/a>&nbsp;<a href=\"https:\/\/volkerontour.de\/wp-content\/uploads\/2025\/12\/IMG_2274.jpg\"><img loading=\"lazy\" decoding=\"async\" width=\"244\" height=\"184\" title=\"IMG_2274\" style=\"display: inline; background-image: none;\" alt=\"IMG_2274\" src=\"https:\/\/volkerontour.de\/wp-content\/uploads\/2025\/12\/IMG_2274_thumb.jpg\" border=\"0\"><\/a><\/p>\n<p>Danach ging es auf die erste gr\u00f6\u00dfere Tour mit dem Bus Richtung Nordwesten. Die Stra\u00dfen in Saudi-Arabien sind gut ausgebaut, so dass man (mit Tempolimit 120km\/h) recht z\u00fcgig vorankommt.<\/p>\n<p><a href=\"https:\/\/volkerontour.de\/wp-content\/uploads\/2025\/12\/IMG_7374.jpg\"><img loading=\"lazy\" decoding=\"async\" width=\"244\" height=\"184\" title=\"IMG_7374\" style=\"display: inline; background-image: none;\" alt=\"IMG_7374\" src=\"https:\/\/volkerontour.de\/wp-content\/uploads\/2025\/12\/IMG_7374_thumb.jpg\" border=\"0\"><\/a>&nbsp;<a href=\"https:\/\/volkerontour.de\/wp-content\/uploads\/2025\/12\/IMG_7377.jpg\"><img loading=\"lazy\" decoding=\"async\" width=\"244\" height=\"184\" title=\"IMG_7377\" style=\"display: inline; background-image: none;\" alt=\"IMG_7377\" src=\"https:\/\/volkerontour.de\/wp-content\/uploads\/2025\/12\/IMG_7377_thumb.jpg\" border=\"0\"><\/a><\/p>\n<p>Die meiste Zeit fuhren wir durch die riesige W\u00fcste, die sich durch das Zentrum des Landes zieht. Zumeist handelte es sich dabei um karge Steinw\u00fcste, hier und da gab es aber auch ein paar Sandd\u00fcnen zu sehen,<\/p>\n<p><a href=\"https:\/\/volkerontour.de\/wp-content\/uploads\/2025\/12\/IMG_7375.jpg\"><img loading=\"lazy\" decoding=\"async\" width=\"244\" height=\"184\" title=\"IMG_7375\" style=\"display: inline; background-image: none;\" alt=\"IMG_7375\" src=\"https:\/\/volkerontour.de\/wp-content\/uploads\/2025\/12\/IMG_7375_thumb.jpg\" border=\"0\"><\/a>&nbsp;<a href=\"https:\/\/volkerontour.de\/wp-content\/uploads\/2025\/12\/IMG_7376.jpg\"><img loading=\"lazy\" decoding=\"async\" width=\"244\" height=\"184\" title=\"IMG_7376\" style=\"display: inline; background-image: none;\" alt=\"IMG_7376\" src=\"https:\/\/volkerontour.de\/wp-content\/uploads\/2025\/12\/IMG_7376_thumb.jpg\" border=\"0\"><\/a><\/p>\n<p>\u201cUschaiqer\u201d nannte sich das kleine \u00d6rtchen, an dem wir nach etwa 2 Stunden kurz stoppten. Das aus Stroh und Lehm um 600 n Chr. erschaffene Dorf gilt als eines der am besten erhaltenen traditionellem Njad-D\u00f6rfer, und ist ein wichtiges Beispiel f\u00fcr zentrale arabische Siedlungskultur. Besonders sehenswert (weil gut erhalten) sind die gut erhaltene Moschee, die Palmeng\u00e4rten sowie die typischen Heritage-H\u00e4user.<\/p>\n<p><a href=\"https:\/\/volkerontour.de\/wp-content\/uploads\/2025\/12\/IMG_2278.jpg\"><img loading=\"lazy\" decoding=\"async\" width=\"244\" height=\"184\" title=\"IMG_2278\" style=\"display: inline; background-image: none;\" alt=\"IMG_2278\" src=\"https:\/\/volkerontour.de\/wp-content\/uploads\/2025\/12\/IMG_2278_thumb.jpg\" border=\"0\"><\/a>&nbsp;<a href=\"https:\/\/volkerontour.de\/wp-content\/uploads\/2025\/12\/IMG_2279.jpg\"><img loading=\"lazy\" decoding=\"async\" width=\"244\" height=\"184\" title=\"IMG_2279\" style=\"display: inline; background-image: none;\" alt=\"IMG_2279\" src=\"https:\/\/volkerontour.de\/wp-content\/uploads\/2025\/12\/IMG_2279_thumb.jpg\" border=\"0\"><\/a><\/p>\n<p><a href=\"https:\/\/volkerontour.de\/wp-content\/uploads\/2025\/12\/IMG_2281.jpg\"><img loading=\"lazy\" decoding=\"async\" width=\"244\" height=\"184\" title=\"IMG_2281\" style=\"display: inline; background-image: none;\" alt=\"IMG_2281\" src=\"https:\/\/volkerontour.de\/wp-content\/uploads\/2025\/12\/IMG_2281_thumb.jpg\" border=\"0\"><\/a>&nbsp;<a href=\"https:\/\/volkerontour.de\/wp-content\/uploads\/2025\/12\/IMG_2282.jpg\"><img loading=\"lazy\" decoding=\"async\" width=\"244\" height=\"184\" title=\"IMG_2282\" style=\"display: inline; background-image: none;\" alt=\"IMG_2282\" src=\"https:\/\/volkerontour.de\/wp-content\/uploads\/2025\/12\/IMG_2282_thumb.jpg\" border=\"0\"><\/a><\/p>\n<p><a href=\"https:\/\/volkerontour.de\/wp-content\/uploads\/2025\/12\/IMG_7378.jpg\"><img loading=\"lazy\" decoding=\"async\" width=\"244\" height=\"184\" title=\"IMG_7378\" style=\"display: inline; background-image: none;\" alt=\"IMG_7378\" src=\"https:\/\/volkerontour.de\/wp-content\/uploads\/2025\/12\/IMG_7378_thumb.jpg\" border=\"0\"><\/a>&nbsp;<a href=\"https:\/\/volkerontour.de\/wp-content\/uploads\/2025\/12\/IMG_7381.jpg\"><img loading=\"lazy\" decoding=\"async\" width=\"244\" height=\"184\" title=\"IMG_7381\" style=\"display: inline; background-image: none;\" alt=\"IMG_7381\" src=\"https:\/\/volkerontour.de\/wp-content\/uploads\/2025\/12\/IMG_7381_thumb.jpg\" border=\"0\"><\/a><\/p>\n<p>Weiter ging es dann zu einem traditionellen Markt in \u201cUnaizah\u201d. F\u00fcr uns, der beste Markt bisher. Zwar gab es mehr oder weniger die selben Dinge zu kaufen, wie in Riad, doch man merkte deutlich, dass man aus der Gro\u00dfstadt raus war. Die \u201cVerschleierungsquote\u201d der Frauen (bis auf die Augen) lag hier im l\u00e4ndlichen Bereich bei genau 100%. Wir wurden sehr nett begr\u00fc\u00dft, zum Kaffee bzw. Tee eingeladen und mit traditioneller Musik unterhalten.<\/p>\n<p><a href=\"https:\/\/volkerontour.de\/wp-content\/uploads\/2025\/12\/IMG_2285.jpg\"><img loading=\"lazy\" decoding=\"async\" width=\"244\" height=\"184\" title=\"IMG_2285\" style=\"display: inline; background-image: none;\" alt=\"IMG_2285\" src=\"https:\/\/volkerontour.de\/wp-content\/uploads\/2025\/12\/IMG_2285_thumb.jpg\" border=\"0\"><\/a>&nbsp;<a href=\"https:\/\/volkerontour.de\/wp-content\/uploads\/2025\/12\/IMG_2286.jpg\"><img loading=\"lazy\" decoding=\"async\" width=\"244\" height=\"184\" title=\"IMG_2286\" style=\"display: inline; background-image: none;\" alt=\"IMG_2286\" src=\"https:\/\/volkerontour.de\/wp-content\/uploads\/2025\/12\/IMG_2286_thumb.jpg\" border=\"0\"><\/a><\/p>\n<p><a href=\"https:\/\/volkerontour.de\/wp-content\/uploads\/2025\/12\/IMG_2289.jpg\"><img loading=\"lazy\" decoding=\"async\" width=\"244\" height=\"184\" title=\"IMG_2289\" style=\"display: inline; background-image: none;\" alt=\"IMG_2289\" src=\"https:\/\/volkerontour.de\/wp-content\/uploads\/2025\/12\/IMG_2289_thumb.jpg\" border=\"0\"><\/a>&nbsp;<a href=\"https:\/\/volkerontour.de\/wp-content\/uploads\/2025\/12\/IMG_2288.jpg\"><img loading=\"lazy\" decoding=\"async\" width=\"244\" height=\"184\" title=\"IMG_2288\" style=\"display: inline; background-image: none;\" alt=\"IMG_2288\" src=\"https:\/\/volkerontour.de\/wp-content\/uploads\/2025\/12\/IMG_2288_thumb.jpg\" border=\"0\"><\/a><\/p>\n<p><a href=\"https:\/\/volkerontour.de\/wp-content\/uploads\/2025\/12\/IMG_2291.jpg\"><img loading=\"lazy\" decoding=\"async\" width=\"244\" height=\"184\" title=\"IMG_2291\" style=\"display: inline; background-image: none;\" alt=\"IMG_2291\" src=\"https:\/\/volkerontour.de\/wp-content\/uploads\/2025\/12\/IMG_2291_thumb.jpg\" border=\"0\"><\/a>&nbsp;<a href=\"https:\/\/volkerontour.de\/wp-content\/uploads\/2025\/12\/IMG_2290.jpg\"><img loading=\"lazy\" decoding=\"async\" width=\"244\" height=\"184\" title=\"IMG_2290\" style=\"display: inline; background-image: none;\" alt=\"IMG_2290\" src=\"https:\/\/volkerontour.de\/wp-content\/uploads\/2025\/12\/IMG_2290_thumb.jpg\" border=\"0\"><\/a><\/p>\n<p>Unser Tagesziel heute war die etwas gr\u00f6\u00dfere Stadt Buraida (knapp 600.000 Einwohner). Unser Zimmer im Towers-Hotel sind ein bisschen kleiner, daf\u00fcr haben wir eine K\u00fcche (warum auch immer).<\/p>\n<p><a href=\"https:\/\/volkerontour.de\/wp-content\/uploads\/2025\/12\/IMG_2294.jpg\"><img loading=\"lazy\" decoding=\"async\" width=\"244\" height=\"184\" title=\"IMG_2294\" style=\"display: inline; background-image: none;\" alt=\"IMG_2294\" src=\"https:\/\/volkerontour.de\/wp-content\/uploads\/2025\/12\/IMG_2294_thumb.jpg\" border=\"0\"><\/a>&nbsp;<a href=\"https:\/\/volkerontour.de\/wp-content\/uploads\/2025\/12\/IMG_2296.jpg\"><img loading=\"lazy\" decoding=\"async\" width=\"244\" height=\"184\" title=\"IMG_2296\" style=\"display: inline; background-image: none;\" alt=\"IMG_2296\" src=\"https:\/\/volkerontour.de\/wp-content\/uploads\/2025\/12\/IMG_2296_thumb.jpg\" border=\"0\"><\/a><\/p>\n<p>Eigentlich hatten wir nach kurzer Suche ein sch\u00f6nes arabisches Restaurant gefunden. Doch leider wurden wir nicht bedient, weil gerade Gebetszeit war, und da wird grunds\u00e4tzlich alles stehen und liegen gelassen. Also versuchten wir unser Gl\u00fcck bei einem Libanesen, was wir nicht bereut haben. Sehr lecker wars.<\/p>\n<p><a href=\"https:\/\/volkerontour.de\/wp-content\/uploads\/2025\/12\/IMG_2298.jpg\"><img loading=\"lazy\" decoding=\"async\" width=\"244\" height=\"184\" title=\"IMG_2298\" style=\"display: inline; background-image: none;\" alt=\"IMG_2298\" src=\"https:\/\/volkerontour.de\/wp-content\/uploads\/2025\/12\/IMG_2298_thumb.jpg\" border=\"0\"><\/a>&nbsp;<a href=\"https:\/\/volkerontour.de\/wp-content\/uploads\/2025\/12\/IMG_2302.jpg\"><img loading=\"lazy\" decoding=\"async\" width=\"184\" height=\"244\" title=\"IMG_2302\" style=\"display: inline; background-image: none;\" alt=\"IMG_2302\" src=\"https:\/\/volkerontour.de\/wp-content\/uploads\/2025\/12\/IMG_2302_thumb.jpg\" border=\"0\"><\/a><\/p>\n<p>Morgen wird`s dann wieder etwas spannender, denn wir besuchen einen Kamelmarkt hier in der Stadt. Wird bestimmt interessant.<\/p>\n<p>Bis morgen dann und Gr\u00fc\u00dfe.<\/p>\n","protected":false},"excerpt":{"rendered":"<p>Montag, 22.12.: Heute Morgen holten wir (wie gestern bereits angek\u00fcndigt) den Besuch des Nationalmuseums nach. Laut Atef ist es eines der gr\u00f6\u00dften Museen des Landes. Gro\u00df war es schon, sehenswert\u2026 naja. Ich w\u00fcrde sagen, es war o.k. &nbsp; &nbsp; Danach &hellip; <a href=\"https:\/\/volkerontour.de\/?p=45641\">Weiterlesen <span class=\"meta-nav\">&rarr;<\/span><\/a><\/p>\n","protected":false},"author":3,"featured_media":0,"comment_status":"closed","ping_status":"closed","sticky":false,"template":"","format":"standard","meta":{"footnotes":""},"categories":[65],"tags":[],"class_list":["post-45641","post","type-post","status-publish","format-standard","hentry","category-saudi-arabien-2025"],"_links":{"self":[{"href":"https:\/\/volkerontour.de\/index.php?rest_route=\/wp\/v2\/posts\/45641","targetHints":{"allow":["GET"]}}],"collection":[{"href":"https:\/\/volkerontour.de\/index.php?rest_route=\/wp\/v2\/posts"}],"about":[{"href":"https:\/\/volkerontour.de\/index.php?rest_route=\/wp\/v2\/types\/post"}],"author":[{"embeddable":true,"href":"https:\/\/volkerontour.de\/index.php?rest_route=\/wp\/v2\/users\/3"}],"replies":[{"embeddable":true,"href":"https:\/\/volkerontour.de\/index.php?rest_route=%2Fwp%2Fv2%2Fcomments&post=45641"}],"version-history":[{"count":1,"href":"https:\/\/volkerontour.de\/index.php?rest_route=\/wp\/v2\/posts\/45641\/revisions"}],"predecessor-version":[{"id":45642,"href":"https:\/\/volkerontour.de\/index.php?rest_route=\/wp\/v2\/posts\/45641\/revisions\/45642"}],"wp:attachment":[{"href":"https:\/\/volkerontour.de\/index.php?rest_route=%2Fwp%2Fv2%2Fmedia&parent=45641"}],"wp:term":[{"taxonomy":"category","embeddable":true,"href":"https:\/\/volkerontour.de\/index.php?rest_route=%2Fwp%2Fv2%2Fcategories&post=45641"},{"taxonomy":"post_tag","embeddable":true,"href":"https:\/\/volkerontour.de\/index.php?rest_route=%2Fwp%2Fv2%2Ftags&post=45641"}],"curies":[{"name":"wp","href":"https:\/\/api.w.org\/{rel}","templated":true}]}}