{"id":45706,"date":"2025-12-23T19:25:53","date_gmt":"2025-12-23T19:25:53","guid":{"rendered":"https:\/\/volkerontour.de\/?p=45706"},"modified":"2025-12-23T19:25:53","modified_gmt":"2025-12-23T19:25:53","slug":"tag-6-die-fliegenden-kamele","status":"publish","type":"post","link":"https:\/\/volkerontour.de\/?p=45706","title":{"rendered":"Tag 6: Die fliegenden Kamele"},"content":{"rendered":"<p>Dienstag, 23.12.: Unser erster Programmpunkt des heutigen Tages war der Besuch des Kamelmarktes in Buraida. Ich hatte ja im Marokko-Blog schon relativ viel \u00fcber den Nutzen der Tiere gesprochen. Ziemlich \u00e4hnlich ist das nat\u00fcrlich hier in Saudi-Arabien. Wie wichtig diese Tiere sind, und wie viel es davon gibt, wurde uns heute Morgen deutlich. Jeden Tag werden hier etwa 1.000 Tiere ver- bzw. gekauft. Die Preise f\u00fcr ein \u201cnormales\u201d Kamel liegen dabei zwischen 1.000 und 5.000 Dollar. Besonders sch\u00f6ne Tiere oder gar Rennkamele k\u00f6nnen deutlich teurer (bis 100.000\u20ac) sein. Letztere werden aber eher nicht auf dem Markt gehandelt.<\/p>\n<p><a href=\"https:\/\/volkerontour.de\/wp-content\/uploads\/2025\/12\/IMG_7387.jpg\"><img loading=\"lazy\" decoding=\"async\" width=\"244\" height=\"184\" title=\"IMG_7387\" style=\"display: inline; background-image: none;\" alt=\"IMG_7387\" src=\"https:\/\/volkerontour.de\/wp-content\/uploads\/2025\/12\/IMG_7387_thumb.jpg\" border=\"0\"><\/a>&nbsp;<a href=\"https:\/\/volkerontour.de\/wp-content\/uploads\/2025\/12\/IMG_7391.jpg\"><img loading=\"lazy\" decoding=\"async\" width=\"244\" height=\"184\" title=\"IMG_7391\" style=\"display: inline; background-image: none;\" alt=\"IMG_7391\" src=\"https:\/\/volkerontour.de\/wp-content\/uploads\/2025\/12\/IMG_7391_thumb.jpg\" border=\"0\"><\/a><\/p>\n<p><a href=\"https:\/\/volkerontour.de\/wp-content\/uploads\/2025\/12\/IMG_7395.jpg\"><img loading=\"lazy\" decoding=\"async\" width=\"244\" height=\"184\" title=\"IMG_7395\" style=\"display: inline; background-image: none;\" alt=\"IMG_7395\" src=\"https:\/\/volkerontour.de\/wp-content\/uploads\/2025\/12\/IMG_7395_thumb.jpg\" border=\"0\"><\/a>&nbsp;<a href=\"https:\/\/volkerontour.de\/wp-content\/uploads\/2025\/12\/IMG_7398.jpg\"><img loading=\"lazy\" decoding=\"async\" width=\"244\" height=\"184\" title=\"IMG_7398\" style=\"display: inline; background-image: none;\" alt=\"IMG_7398\" src=\"https:\/\/volkerontour.de\/wp-content\/uploads\/2025\/12\/IMG_7398_thumb.jpg\" border=\"0\"><\/a><\/p>\n<p>Die gehandelten Tiere werden dann zumeist auf LKW`s abtransportiert. Doch die kommen diese auf die Ladefl\u00e4che?<\/p>\n<p><a href=\"https:\/\/volkerontour.de\/wp-content\/uploads\/2025\/12\/IMG_7393.jpg\"><img loading=\"lazy\" decoding=\"async\" width=\"244\" height=\"184\" title=\"IMG_7393\" style=\"display: inline; background-image: none;\" alt=\"IMG_7393\" src=\"https:\/\/volkerontour.de\/wp-content\/uploads\/2025\/12\/IMG_7393_thumb.jpg\" border=\"0\"><\/a>&nbsp;<a href=\"https:\/\/volkerontour.de\/wp-content\/uploads\/2025\/12\/IMG_7394.jpg\"><img loading=\"lazy\" decoding=\"async\" width=\"244\" height=\"184\" title=\"IMG_7394\" style=\"display: inline; background-image: none;\" alt=\"IMG_7394\" src=\"https:\/\/volkerontour.de\/wp-content\/uploads\/2025\/12\/IMG_7394_thumb.jpg\" border=\"0\"><\/a><\/p>\n<p>Ganz einfach: Sie fliegen <img decoding=\"async\" class=\"wlEmoticon wlEmoticon-smile\" style=\"\" alt=\"Smile\" src=\"https:\/\/volkerontour.de\/wp-content\/uploads\/2025\/12\/wlEmoticon-smile-3.png\"> Ist schon irgendwie skurril die Tiere so an einem Kran h\u00e4ngen zu sehen. Und ob es f\u00fcr die Kamele so ein wahnsinniges Vergn\u00fcgen ist w\u00fcrde ich auch mal dahingestellt lassen. Aber so ist es leider nunmal. Das Kamel wird hier einfach als Ware und als Nutztier gesehen, und daher (leider) auch so behandelt.<\/p>\n<p><a href=\"https:\/\/volkerontour.de\/wp-content\/uploads\/2025\/12\/IMG_7384.jpg\"><img loading=\"lazy\" decoding=\"async\" width=\"244\" height=\"184\" title=\"IMG_7384\" style=\"display: inline; background-image: none;\" alt=\"IMG_7384\" src=\"https:\/\/volkerontour.de\/wp-content\/uploads\/2025\/12\/IMG_7384_thumb.jpg\" border=\"0\"><\/a>&nbsp;<a href=\"https:\/\/volkerontour.de\/wp-content\/uploads\/2025\/12\/IMG_7385.jpg\"><img loading=\"lazy\" decoding=\"async\" width=\"244\" height=\"184\" title=\"IMG_7385\" style=\"display: inline; background-image: none;\" alt=\"IMG_7385\" src=\"https:\/\/volkerontour.de\/wp-content\/uploads\/2025\/12\/IMG_7385_thumb.jpg\" border=\"0\"><\/a><\/p>\n<p>Etwa 4 Stunden Fahrt nach Ha`il hatten wir heute noch vor uns. Nach einer Stunde stoppten wir im kleinen \u00d6rtchen Ar-Rass, das bekannt f\u00fcr seinen Wachturm \u201cAl Shinanah\u201d ist. Dieser ist zwar nur 24 Meter hoch, trotzdem hatten man (aufgrund des flachen Gel\u00e4ndes) eine kilometerweite Sicht. Der Turm ist das letzte \u00dcberbleibsel einer Befestigungs- und Verteidigungsanlage, die ab dem 18. Jahrhundert daf\u00fcr genutzt wurde Handelsrouten zu \u00fcberwachen und fr\u00fchzeitig feindliche Angriffe zu bermeken. Der aus Lehmziegeln errichtete Turm hat ganz unten einen Durchmesser von \u00fcber 8 Metern. An der Spitze ist ein nur noch ein knapper Meter.<\/p>\n<p><a href=\"https:\/\/volkerontour.de\/wp-content\/uploads\/2025\/12\/IMG_2319.jpg\"><img loading=\"lazy\" decoding=\"async\" width=\"184\" height=\"244\" title=\"IMG_2319\" style=\"display: inline; background-image: none;\" alt=\"IMG_2319\" src=\"https:\/\/volkerontour.de\/wp-content\/uploads\/2025\/12\/IMG_2319_thumb.jpg\" border=\"0\"><\/a>&nbsp;<a href=\"https:\/\/volkerontour.de\/wp-content\/uploads\/2025\/12\/IMG_2305.jpg\"><img loading=\"lazy\" decoding=\"async\" width=\"184\" height=\"244\" title=\"IMG_2305\" style=\"display: inline; background-image: none;\" alt=\"IMG_2305\" src=\"https:\/\/volkerontour.de\/wp-content\/uploads\/2025\/12\/IMG_2305_thumb.jpg\" border=\"0\"><\/a><\/p>\n<p>Es gab auch noch einen kleinen Visitor Center, auf den man aber auch h\u00e4tte verzichten k\u00f6nnen.<\/p>\n<p><a href=\"https:\/\/volkerontour.de\/wp-content\/uploads\/2025\/12\/IMG_2311.jpg\"><img loading=\"lazy\" decoding=\"async\" width=\"244\" height=\"184\" title=\"IMG_2311\" style=\"display: inline; background-image: none;\" alt=\"IMG_2311\" src=\"https:\/\/volkerontour.de\/wp-content\/uploads\/2025\/12\/IMG_2311_thumb.jpg\" border=\"0\"><\/a>&nbsp;<a href=\"https:\/\/volkerontour.de\/wp-content\/uploads\/2025\/12\/IMG_2310.jpg\"><img loading=\"lazy\" decoding=\"async\" width=\"244\" height=\"184\" title=\"IMG_2310\" style=\"display: inline; background-image: none;\" alt=\"IMG_2310\" src=\"https:\/\/volkerontour.de\/wp-content\/uploads\/2025\/12\/IMG_2310_thumb.jpg\" border=\"0\"><\/a><\/p>\n<p>Eigentlich bin ich davon ausgegangen, dass wir den Turm besteigen k\u00f6nnen, aber leider ist er nicht mehr f\u00fcr Touristen zug\u00e4nglich. Schade <img decoding=\"async\" class=\"wlEmoticon wlEmoticon-sadsmile\" style=\"\" alt=\"Sad smile\" src=\"https:\/\/volkerontour.de\/wp-content\/uploads\/2025\/12\/wlEmoticon-sadsmile-1.png\"><\/p>\n<p><a href=\"https:\/\/volkerontour.de\/wp-content\/uploads\/2025\/12\/IMG_2323.png\"><img loading=\"lazy\" decoding=\"async\" width=\"115\" height=\"244\" title=\"Screenshot\" style=\"display: inline; background-image: none;\" alt=\"Screenshot\" src=\"https:\/\/volkerontour.de\/wp-content\/uploads\/2025\/12\/IMG_2323_thumb.png\" border=\"0\"><\/a>&nbsp;<a href=\"https:\/\/volkerontour.de\/wp-content\/uploads\/2025\/12\/IMG_2315.jpg\"><img loading=\"lazy\" decoding=\"async\" width=\"184\" height=\"244\" title=\"IMG_2315\" style=\"display: inline; background-image: none;\" alt=\"IMG_2315\" src=\"https:\/\/volkerontour.de\/wp-content\/uploads\/2025\/12\/IMG_2315_thumb.jpg\" border=\"0\"><\/a><\/p>\n<p>Was ich vorher auch nicht wusste. Alle St\u00e4dte (zumindest, die wir bisher sahen) sind voll mit Fastfood-Ketten. An jeder Ecke steht ein McDonalds, KFC oder Dunkin` Donuts. Daf\u00fcr sehen die meisten Saudis noch recht schlank aus. Vielleicht kommen Ihnen aber auch Ihre weit geschnittenen Roben zu Gute. <img decoding=\"async\" class=\"wlEmoticon wlEmoticon-winkingsmile\" style=\"\" alt=\"Winking smile\" src=\"https:\/\/volkerontour.de\/wp-content\/uploads\/2025\/12\/wlEmoticon-winkingsmile-3.png\">&nbsp;<\/p>\n<p>\u201cAl Baik\u201d ist eine Art arabischer McDonalds. Den liefen wir heute Mittag mal an.<\/p>\n<p><a href=\"https:\/\/volkerontour.de\/wp-content\/uploads\/2025\/12\/IMG_2320.jpg\"><img loading=\"lazy\" decoding=\"async\" width=\"244\" height=\"184\" title=\"IMG_2320\" style=\"display: inline; background-image: none;\" alt=\"IMG_2320\" src=\"https:\/\/volkerontour.de\/wp-content\/uploads\/2025\/12\/IMG_2320_thumb.jpg\" border=\"0\"><\/a><\/p>\n<p>Weiter ging es noch etwa drei Stunden mit dem Bus. Grunds\u00e4tzlich ist das aber f\u00fcr uns alle kein Problem. Die Stra\u00dfen sind super, also kommen wir wirklich schnell voran. Dazu ist unser 17er-Mercedes Bus mit 6 Passagieren (+ 2mal Crew) nicht ansatzweise an seiner Belastungsgrenze, also sitzen wir sehr komfortabel. Hinzu kommen so Kleinigkeiten wie WLAN und Ladem\u00f6glichkeiten f\u00fcr Handys. <\/p>\n<p><a href=\"https:\/\/volkerontour.de\/wp-content\/uploads\/2025\/12\/IMG_7401.jpg\"><img loading=\"lazy\" decoding=\"async\" width=\"244\" height=\"184\" title=\"IMG_7401\" style=\"display: inline; background-image: none;\" alt=\"IMG_7401\" src=\"https:\/\/volkerontour.de\/wp-content\/uploads\/2025\/12\/IMG_7401_thumb.jpg\" border=\"0\"><\/a>&nbsp;<a href=\"https:\/\/volkerontour.de\/wp-content\/uploads\/2025\/12\/IMG_7403.jpg\"><img loading=\"lazy\" decoding=\"async\" width=\"244\" height=\"184\" title=\"IMG_7403\" style=\"display: inline; background-image: none;\" alt=\"IMG_7403\" src=\"https:\/\/volkerontour.de\/wp-content\/uploads\/2025\/12\/IMG_7403_thumb.jpg\" border=\"0\"><\/a><\/p>\n<p>\u00c0 propos Crew. H\u00f6chste Zeit diese zumindest mal kurz zu erw\u00e4hnen. Unseren Guide Atef sieht man in der Regel immer in dieser Pose (mit Fluppe in der Hand). Kalid (Bild links) ist unser Fahrer: Immer freundlich, gut gelaunt und sicher fahrend. In den ersten Tagen haben wir ihn ab und zu mal gesucht, weil er von jetzt auf gleich verschwand. Inzwischen wissen wir, dass er streng gl\u00e4ubig ist, und innerhalb von ein paar Minuten mit seinem Gebetsteppich in der Hand um die Ecke kommen wird.<\/p>\n<p><a href=\"https:\/\/volkerontour.de\/wp-content\/uploads\/2025\/12\/IMG_7408.jpg\"><img loading=\"lazy\" decoding=\"async\" width=\"244\" height=\"184\" title=\"IMG_7408\" style=\"display: inline; background-image: none;\" alt=\"IMG_7408\" src=\"https:\/\/volkerontour.de\/wp-content\/uploads\/2025\/12\/IMG_7408_thumb.jpg\" border=\"0\"><\/a>&nbsp;<a href=\"https:\/\/volkerontour.de\/wp-content\/uploads\/2025\/12\/IMG_7411.jpg\"><img loading=\"lazy\" decoding=\"async\" width=\"244\" height=\"184\" title=\"IMG_7411\" style=\"display: inline; background-image: none;\" alt=\"IMG_7411\" src=\"https:\/\/volkerontour.de\/wp-content\/uploads\/2025\/12\/IMG_7411_thumb.jpg\" border=\"0\"><\/a><\/p>\n<p>Angekommen in Ha`il statteten wir noch der Festung \u201cQishlah\u201d einen Besuch ab. Das fr\u00fcherer Verwaltungs- und Milit\u00e4rzentrum gilt als bedeutendes Wahrzeichen der Region. Wie viele andere Festungen (wir haben ja auch schon einige besichtigt) wurde Qishlah haupts\u00e4chlich aus Lehm gefertigt. <\/p>\n<p><a href=\"https:\/\/volkerontour.de\/wp-content\/uploads\/2025\/12\/IMG_2337.jpg\"><img loading=\"lazy\" decoding=\"async\" width=\"244\" height=\"184\" title=\"IMG_2337\" style=\"display: inline; background-image: none;\" alt=\"IMG_2337\" src=\"https:\/\/volkerontour.de\/wp-content\/uploads\/2025\/12\/IMG_2337_thumb.jpg\" border=\"0\"><\/a>&nbsp;<a href=\"https:\/\/volkerontour.de\/wp-content\/uploads\/2025\/12\/IMG_2339.jpg\"><img loading=\"lazy\" decoding=\"async\" width=\"244\" height=\"184\" title=\"IMG_2339\" style=\"display: inline; background-image: none;\" alt=\"IMG_2339\" src=\"https:\/\/volkerontour.de\/wp-content\/uploads\/2025\/12\/IMG_2339_thumb.jpg\" border=\"0\"><\/a><\/p>\n<p><a href=\"https:\/\/volkerontour.de\/wp-content\/uploads\/2025\/12\/IMG_2335.jpg\"><img loading=\"lazy\" decoding=\"async\" width=\"244\" height=\"184\" title=\"IMG_2335\" style=\"display: inline; background-image: none;\" alt=\"IMG_2335\" src=\"https:\/\/volkerontour.de\/wp-content\/uploads\/2025\/12\/IMG_2335_thumb.jpg\" border=\"0\"><\/a>&nbsp;<a href=\"https:\/\/volkerontour.de\/wp-content\/uploads\/2025\/12\/IMG_2336.jpg\"><img loading=\"lazy\" decoding=\"async\" width=\"244\" height=\"184\" title=\"IMG_2336\" style=\"display: inline; background-image: none;\" alt=\"IMG_2336\" src=\"https:\/\/volkerontour.de\/wp-content\/uploads\/2025\/12\/IMG_2336_thumb.jpg\" border=\"0\"><\/a><\/p>\n<p><a href=\"https:\/\/volkerontour.de\/wp-content\/uploads\/2025\/12\/IMG_2325.jpg\"><img loading=\"lazy\" decoding=\"async\" width=\"244\" height=\"184\" title=\"IMG_2325\" style=\"display: inline; background-image: none;\" alt=\"IMG_2325\" src=\"https:\/\/volkerontour.de\/wp-content\/uploads\/2025\/12\/IMG_2325_thumb.jpg\" border=\"0\"><\/a>&nbsp;<a href=\"https:\/\/volkerontour.de\/wp-content\/uploads\/2025\/12\/IMG_2332.jpg\"><img loading=\"lazy\" decoding=\"async\" width=\"244\" height=\"184\" title=\"IMG_2332\" style=\"display: inline; background-image: none;\" alt=\"IMG_2332\" src=\"https:\/\/volkerontour.de\/wp-content\/uploads\/2025\/12\/IMG_2332_thumb.jpg\" border=\"0\"><\/a><\/p>\n<p>Unser heutiges Hotel ist auf jeden Fall das sch\u00f6nste bisher. Wobei hier der Standard sicherlich grunds\u00e4tzlich ein bisschen h\u00f6her ist als in anderen L\u00e4ndern.<\/p>\n<p><a href=\"https:\/\/volkerontour.de\/wp-content\/uploads\/2025\/12\/IMG_2343.jpg\"><img loading=\"lazy\" decoding=\"async\" width=\"244\" height=\"184\" title=\"IMG_2343\" style=\"display: inline; background-image: none;\" alt=\"IMG_2343\" src=\"https:\/\/volkerontour.de\/wp-content\/uploads\/2025\/12\/IMG_2343_thumb.jpg\" border=\"0\"><\/a>&nbsp;<a href=\"https:\/\/volkerontour.de\/wp-content\/uploads\/2025\/12\/IMG_2342.jpg\"><img loading=\"lazy\" decoding=\"async\" width=\"184\" height=\"244\" title=\"IMG_2342\" style=\"display: inline; background-image: none;\" alt=\"IMG_2342\" src=\"https:\/\/volkerontour.de\/wp-content\/uploads\/2025\/12\/IMG_2342_thumb.jpg\" border=\"0\"><\/a><\/p>\n<p>W\u00e4hrend alle anderen aus der Gruppe im Hotel dinierten, gingen Rainer und ich ein paar Schritte zu einem kleinen Burgerladen, der von au\u00dfen ziemlich unscheinbar leer aussah. Zum Gl\u00fcck hatte Rainer vorher die Rezensionen gecheckt, so dass wir guter Dinge Burger und Pommes bestellten\u2026 und nicht entt\u00e4uscht wurden. <img decoding=\"async\" class=\"wlEmoticon wlEmoticon-smile\" style=\"\" alt=\"Smile\" src=\"https:\/\/volkerontour.de\/wp-content\/uploads\/2025\/12\/wlEmoticon-smile-3.png\"><\/p>\n<p><a href=\"https:\/\/volkerontour.de\/wp-content\/uploads\/2025\/12\/IMG_2345.jpg\"><img loading=\"lazy\" decoding=\"async\" width=\"244\" height=\"184\" title=\"IMG_2345\" style=\"display: inline; background-image: none;\" alt=\"IMG_2345\" src=\"https:\/\/volkerontour.de\/wp-content\/uploads\/2025\/12\/IMG_2345_thumb.jpg\" border=\"0\"><\/a>&nbsp;<a href=\"https:\/\/volkerontour.de\/wp-content\/uploads\/2025\/12\/IMG_2347.jpg\"><img loading=\"lazy\" decoding=\"async\" width=\"244\" height=\"184\" title=\"IMG_2347\" style=\"display: inline; background-image: none;\" alt=\"IMG_2347\" src=\"https:\/\/volkerontour.de\/wp-content\/uploads\/2025\/12\/IMG_2347_thumb.jpg\" border=\"0\"><\/a><\/p>\n<p>Morgen geht es dann f\u00fcr zwei Tage in die W\u00fcste Al-`Ula. Ich bin mir sicher, das wird nochmal ein richtiges Highlight. <\/p>\n<p>Guuuuuute Nacht und sch\u00f6ne Gr\u00fc\u00dfe <img decoding=\"async\" class=\"wlEmoticon wlEmoticon-smile\" style=\"\" alt=\"Smile\" src=\"https:\/\/volkerontour.de\/wp-content\/uploads\/2025\/12\/wlEmoticon-smile-3.png\"><\/p>\n<p><a href=\"https:\/\/volkerontour.de\/wp-content\/uploads\/2025\/12\/IMG_7400.jpg\"><img loading=\"lazy\" decoding=\"async\" width=\"184\" height=\"244\" title=\"IMG_7400\" style=\"display: inline; background-image: none;\" alt=\"IMG_7400\" src=\"https:\/\/volkerontour.de\/wp-content\/uploads\/2025\/12\/IMG_7400_thumb.jpg\" border=\"0\"><\/a><\/p>\n","protected":false},"excerpt":{"rendered":"<p>Dienstag, 23.12.: Unser erster Programmpunkt des heutigen Tages war der Besuch des Kamelmarktes in Buraida. Ich hatte ja im Marokko-Blog schon relativ viel \u00fcber den Nutzen der Tiere gesprochen. Ziemlich \u00e4hnlich ist das nat\u00fcrlich hier in Saudi-Arabien. Wie wichtig diese &hellip; <a href=\"https:\/\/volkerontour.de\/?p=45706\">Weiterlesen <span class=\"meta-nav\">&rarr;<\/span><\/a><\/p>\n","protected":false},"author":3,"featured_media":0,"comment_status":"closed","ping_status":"closed","sticky":false,"template":"","format":"standard","meta":{"footnotes":""},"categories":[65],"tags":[],"class_list":["post-45706","post","type-post","status-publish","format-standard","hentry","category-saudi-arabien-2025"],"_links":{"self":[{"href":"https:\/\/volkerontour.de\/index.php?rest_route=\/wp\/v2\/posts\/45706","targetHints":{"allow":["GET"]}}],"collection":[{"href":"https:\/\/volkerontour.de\/index.php?rest_route=\/wp\/v2\/posts"}],"about":[{"href":"https:\/\/volkerontour.de\/index.php?rest_route=\/wp\/v2\/types\/post"}],"author":[{"embeddable":true,"href":"https:\/\/volkerontour.de\/index.php?rest_route=\/wp\/v2\/users\/3"}],"replies":[{"embeddable":true,"href":"https:\/\/volkerontour.de\/index.php?rest_route=%2Fwp%2Fv2%2Fcomments&post=45706"}],"version-history":[{"count":1,"href":"https:\/\/volkerontour.de\/index.php?rest_route=\/wp\/v2\/posts\/45706\/revisions"}],"predecessor-version":[{"id":45707,"href":"https:\/\/volkerontour.de\/index.php?rest_route=\/wp\/v2\/posts\/45706\/revisions\/45707"}],"wp:attachment":[{"href":"https:\/\/volkerontour.de\/index.php?rest_route=%2Fwp%2Fv2%2Fmedia&parent=45706"}],"wp:term":[{"taxonomy":"category","embeddable":true,"href":"https:\/\/volkerontour.de\/index.php?rest_route=%2Fwp%2Fv2%2Fcategories&post=45706"},{"taxonomy":"post_tag","embeddable":true,"href":"https:\/\/volkerontour.de\/index.php?rest_route=%2Fwp%2Fv2%2Ftags&post=45706"}],"curies":[{"name":"wp","href":"https:\/\/api.w.org\/{rel}","templated":true}]}}