{"id":45762,"date":"2025-12-24T18:48:26","date_gmt":"2025-12-24T18:48:26","guid":{"rendered":"https:\/\/volkerontour.de\/?p=45762"},"modified":"2025-12-24T18:48:26","modified_gmt":"2025-12-24T18:48:26","slug":"tag-7-es-geht-in-die-wste","status":"publish","type":"post","link":"https:\/\/volkerontour.de\/?p=45762","title":{"rendered":"Tag 7: Es geht in die W&uuml;ste"},"content":{"rendered":"<p>Mittwoch, 24.12.: Auch heute lagen wieder einige Kilometer vor uns, denn es ging von Ha`il \u00fcber Jubbah bis zu unserem Tagesziel nach Al-`Ula. Inzwischen waren wir komplett in der W\u00fcste angekommen. Die Landschaft wechselte zwischen Steinw\u00fcste, Sandd\u00fcnen und Felsenformationen.<\/p>\n<p><a href=\"https:\/\/volkerontour.de\/wp-content\/uploads\/2025\/12\/IMG_7419.jpg\"><img loading=\"lazy\" decoding=\"async\" width=\"244\" height=\"184\" title=\"IMG_7419\" style=\"display: inline; background-image: none;\" alt=\"IMG_7419\" src=\"https:\/\/volkerontour.de\/wp-content\/uploads\/2025\/12\/IMG_7419_thumb.jpg\" border=\"0\"><\/a>&nbsp;<a href=\"https:\/\/volkerontour.de\/wp-content\/uploads\/2025\/12\/IMG_7447.jpg\"><img loading=\"lazy\" decoding=\"async\" width=\"244\" height=\"184\" title=\"IMG_7447\" style=\"display: inline; background-image: none;\" alt=\"IMG_7447\" src=\"https:\/\/volkerontour.de\/wp-content\/uploads\/2025\/12\/IMG_7447_thumb.jpg\" border=\"0\"><\/a><\/p>\n<p><a href=\"https:\/\/volkerontour.de\/wp-content\/uploads\/2025\/12\/IMG_7422.jpg\"><img loading=\"lazy\" decoding=\"async\" width=\"244\" height=\"184\" title=\"IMG_7422\" style=\"display: inline; background-image: none;\" alt=\"IMG_7422\" src=\"https:\/\/volkerontour.de\/wp-content\/uploads\/2025\/12\/IMG_7422_thumb.jpg\" border=\"0\"><\/a>&nbsp;<a href=\"https:\/\/volkerontour.de\/wp-content\/uploads\/2025\/12\/IMG_7446.jpg\"><img loading=\"lazy\" decoding=\"async\" width=\"244\" height=\"184\" title=\"IMG_7446\" style=\"display: inline; background-image: none;\" alt=\"IMG_7446\" src=\"https:\/\/volkerontour.de\/wp-content\/uploads\/2025\/12\/IMG_7446_thumb.jpg\" border=\"0\"><\/a><\/p>\n<p>Nach etwa 90 Minuten erreichten wird Jubbah. Allein die sehenswerten Felsformationen waren den Besuch schon wert. Doch wir (so wie allen anderen Besucher) waren wegen der bekannten Felsenmalereien gekommen.<\/p>\n<p><a href=\"https:\/\/volkerontour.de\/wp-content\/uploads\/2025\/12\/IMG_2375.jpg\"><img loading=\"lazy\" decoding=\"async\" width=\"244\" height=\"184\" title=\"IMG_2375\" style=\"display: inline; background-image: none;\" alt=\"IMG_2375\" src=\"https:\/\/volkerontour.de\/wp-content\/uploads\/2025\/12\/IMG_2375_thumb.jpg\" border=\"0\"><\/a>&nbsp;<a href=\"https:\/\/volkerontour.de\/wp-content\/uploads\/2025\/12\/IMG_2377.jpg\"><img loading=\"lazy\" decoding=\"async\" width=\"244\" height=\"184\" title=\"IMG_2377\" style=\"display: inline; background-image: none;\" alt=\"IMG_2377\" src=\"https:\/\/volkerontour.de\/wp-content\/uploads\/2025\/12\/IMG_2377_thumb.jpg\" border=\"0\"><\/a><\/p>\n<p><a href=\"https:\/\/volkerontour.de\/wp-content\/uploads\/2025\/12\/IMG_7430.jpg\"><img loading=\"lazy\" decoding=\"async\" width=\"244\" height=\"184\" title=\"IMG_7430\" style=\"display: inline; background-image: none;\" alt=\"IMG_7430\" src=\"https:\/\/volkerontour.de\/wp-content\/uploads\/2025\/12\/IMG_7430_thumb.jpg\" border=\"0\"><\/a>&nbsp;<a href=\"https:\/\/volkerontour.de\/wp-content\/uploads\/2025\/12\/IMG_7442.jpg\"><img loading=\"lazy\" decoding=\"async\" width=\"244\" height=\"184\" title=\"IMG_7442\" style=\"display: inline; background-image: none;\" alt=\"IMG_7442\" src=\"https:\/\/volkerontour.de\/wp-content\/uploads\/2025\/12\/IMG_7442_thumb.jpg\" border=\"0\"><\/a><\/p>\n<p>Neben uns war auch noch ein gr\u00f6\u00dfere Schulklasse samt Lehrer vor Ort. Die Jungs waren sehr interessiert und gaben Ihre gelernten Englischkenntnisse zum besten um mit uns ins Gespr\u00e4ch zu kommen. Am einfachsten ging das mit Fu\u00dfball. Bayern M\u00fcnchen kennt man auch in Saudi-Arabien <img decoding=\"async\" class=\"wlEmoticon wlEmoticon-smile\" style=\"\" alt=\"Smile\" src=\"https:\/\/volkerontour.de\/wp-content\/uploads\/2025\/12\/wlEmoticon-smile-4.png\"><\/p>\n<p><a href=\"https:\/\/volkerontour.de\/wp-content\/uploads\/2025\/12\/IMG_2379.jpg\"><img loading=\"lazy\" decoding=\"async\" width=\"244\" height=\"184\" title=\"\" style=\"display: inline; background-image: none;\" alt=\"\" src=\"https:\/\/volkerontour.de\/wp-content\/uploads\/2025\/12\/IMG_2379_thumb.jpg\" border=\"0\"><\/a>&nbsp;<a href=\"https:\/\/volkerontour.de\/wp-content\/uploads\/2025\/12\/IMG_7432.jpg\"><img loading=\"lazy\" decoding=\"async\" width=\"244\" height=\"184\" title=\"IMG_7432\" style=\"display: inline; background-image: none;\" alt=\"IMG_7432\" src=\"https:\/\/volkerontour.de\/wp-content\/uploads\/2025\/12\/IMG_7432_thumb.jpg\" border=\"0\"><\/a><\/p>\n<p>Doch zur\u00fcck zu den Felsenmalereinen. Die zahlreichen (gut erhaltenen) Zeichnungen und Petroglyphen zeigen rund 10.000 Jahre menschlicher Geschichte, von der fr\u00fchen Jungsteinzeit bis in die historische Zeit. Die Darstellungen zeigen Menschen, Tiere und Alltagsszenen, wie z.B. Jagd, Riten, Kleidung, Jagdwaffen usw. Zu Gro\u00dfteil konnte man die Zeichnungen wirklich noch gut erkennen.<\/p>\n<p><a href=\"https:\/\/volkerontour.de\/wp-content\/uploads\/2025\/12\/IMG_7427.jpg\"><img loading=\"lazy\" decoding=\"async\" width=\"244\" height=\"184\" title=\"IMG_7427\" style=\"display: inline; background-image: none;\" alt=\"IMG_7427\" src=\"https:\/\/volkerontour.de\/wp-content\/uploads\/2025\/12\/IMG_7427_thumb.jpg\" border=\"0\"><\/a>&nbsp;<a href=\"https:\/\/volkerontour.de\/wp-content\/uploads\/2025\/12\/IMG_7438.jpg\"><img loading=\"lazy\" decoding=\"async\" width=\"244\" height=\"184\" title=\"IMG_7438\" style=\"display: inline; background-image: none;\" alt=\"IMG_7438\" src=\"https:\/\/volkerontour.de\/wp-content\/uploads\/2025\/12\/IMG_7438_thumb.jpg\" border=\"0\"><\/a><\/p>\n<p><a href=\"https:\/\/volkerontour.de\/wp-content\/uploads\/2025\/12\/IMG_7444.jpg\"><img loading=\"lazy\" decoding=\"async\" width=\"244\" height=\"184\" title=\"IMG_7444\" style=\"display: inline; background-image: none;\" alt=\"IMG_7444\" src=\"https:\/\/volkerontour.de\/wp-content\/uploads\/2025\/12\/IMG_7444_thumb.jpg\" border=\"0\"><\/a>&nbsp;<a href=\"https:\/\/volkerontour.de\/wp-content\/uploads\/2025\/12\/IMG_7441.jpg\"><img loading=\"lazy\" decoding=\"async\" width=\"244\" height=\"184\" title=\"IMG_7441\" style=\"display: inline; background-image: none;\" alt=\"IMG_7441\" src=\"https:\/\/volkerontour.de\/wp-content\/uploads\/2025\/12\/IMG_7441_thumb.jpg\" border=\"0\"><\/a><\/p>\n<p>Nach drei weiteren Stunden Fahrt erreichten wir am Nachmittag, Al-`Ula. Da der Sonnenuntergang kurz bevor stand, stoppten wir am bekanntesten Felsen der Gegend, dem Elephant-Rock. Besonders zum Sonnenuntergang leuchtet der 52 Meter hohe Felsen in einem warmen rotbraun.<\/p>\n<p><a href=\"https:\/\/volkerontour.de\/wp-content\/uploads\/2025\/12\/IMG_2381.jpg\"><img loading=\"lazy\" decoding=\"async\" width=\"244\" height=\"184\" title=\"IMG_2381\" style=\"display: inline; background-image: none;\" alt=\"IMG_2381\" src=\"https:\/\/volkerontour.de\/wp-content\/uploads\/2025\/12\/IMG_2381_thumb.jpg\" border=\"0\"><\/a>&nbsp;<a href=\"https:\/\/volkerontour.de\/wp-content\/uploads\/2025\/12\/IMG_2382.jpg\"><img loading=\"lazy\" decoding=\"async\" width=\"244\" height=\"184\" title=\"IMG_2382\" style=\"display: inline; background-image: none;\" alt=\"IMG_2382\" src=\"https:\/\/volkerontour.de\/wp-content\/uploads\/2025\/12\/IMG_2382_thumb.jpg\" border=\"0\"><\/a><\/p>\n<p><a href=\"https:\/\/volkerontour.de\/wp-content\/uploads\/2025\/12\/IMG_7459.jpg\"><img loading=\"lazy\" decoding=\"async\" width=\"244\" height=\"184\" title=\"IMG_7459\" style=\"display: inline; background-image: none;\" alt=\"IMG_7459\" src=\"https:\/\/volkerontour.de\/wp-content\/uploads\/2025\/12\/IMG_7459_thumb.jpg\" border=\"0\"><\/a>&nbsp;<a href=\"https:\/\/volkerontour.de\/wp-content\/uploads\/2025\/12\/IMG_7450.jpg\"><img loading=\"lazy\" decoding=\"async\" width=\"244\" height=\"184\" title=\"IMG_7450\" style=\"display: inline; background-image: none;\" alt=\"IMG_7450\" src=\"https:\/\/volkerontour.de\/wp-content\/uploads\/2025\/12\/IMG_7450_thumb.jpg\" border=\"0\"><\/a><\/p>\n<p>Das erste mal auf der Tour erlebten wir hier eine Art gr\u00f6\u00dfere Touristenansammlung. Die Gegend um den Felsen war mit bequemen Sitzgelegenheiten und auch Gastronomie versehen, so dass man den Sonnenuntergang ganz entspannt bei einer Tasse arabischem Kaffee oder einem Eis genie\u00dfen konnte.<\/p>\n<p><a href=\"https:\/\/volkerontour.de\/wp-content\/uploads\/2025\/12\/IMG_7453.jpg\"><img loading=\"lazy\" decoding=\"async\" width=\"244\" height=\"184\" title=\"IMG_7453\" style=\"display: inline; background-image: none;\" alt=\"IMG_7453\" src=\"https:\/\/volkerontour.de\/wp-content\/uploads\/2025\/12\/IMG_7453_thumb.jpg\" border=\"0\"><\/a>&nbsp;<a href=\"https:\/\/volkerontour.de\/wp-content\/uploads\/2025\/12\/IMG_7461.jpg\"><img loading=\"lazy\" decoding=\"async\" width=\"244\" height=\"184\" title=\"IMG_7461\" style=\"display: inline; background-image: none;\" alt=\"IMG_7461\" src=\"https:\/\/volkerontour.de\/wp-content\/uploads\/2025\/12\/IMG_7461_thumb.jpg\" border=\"0\"><\/a><\/p>\n<p>Eigentlich darf man die verschleierten Frauen nicht fotografieren, was mich die ganze Zeit schon genervt hat, da sie (aus meiner Sicht) tolle Motive abgeben. Bei einer gr\u00f6\u00dferen Menschenansammlung wie heute konnte ich (unbemerkt) ein paar sch\u00f6ne Bilder machen <img decoding=\"async\" class=\"wlEmoticon wlEmoticon-smile\" style=\"\" alt=\"Smile\" src=\"https:\/\/volkerontour.de\/wp-content\/uploads\/2025\/12\/wlEmoticon-smile-4.png\"><\/p>\n<p><a href=\"https:\/\/volkerontour.de\/wp-content\/uploads\/2025\/12\/IMG_7455.jpg\"><img loading=\"lazy\" decoding=\"async\" width=\"244\" height=\"184\" title=\"IMG_7455\" style=\"display: inline; background-image: none;\" alt=\"IMG_7455\" src=\"https:\/\/volkerontour.de\/wp-content\/uploads\/2025\/12\/IMG_7455_thumb.jpg\" border=\"0\"><\/a>&nbsp;<a href=\"https:\/\/volkerontour.de\/wp-content\/uploads\/2025\/12\/IMG_7460.jpg\"><img loading=\"lazy\" decoding=\"async\" width=\"244\" height=\"184\" title=\"IMG_7460\" style=\"display: inline; background-image: none;\" alt=\"IMG_7460\" src=\"https:\/\/volkerontour.de\/wp-content\/uploads\/2025\/12\/IMG_7460_thumb.jpg\" border=\"0\"><\/a><\/p>\n<p>Unser heutiges Hotel liegt wirklich wundersch\u00f6n zwischen den Felsformationen von Al-`Ula. <\/p>\n<p><a href=\"https:\/\/volkerontour.de\/wp-content\/uploads\/2025\/12\/IMG_2389.jpg\"><img loading=\"lazy\" decoding=\"async\" width=\"244\" height=\"184\" title=\"IMG_2389\" style=\"display: inline; background-image: none;\" alt=\"IMG_2389\" src=\"https:\/\/volkerontour.de\/wp-content\/uploads\/2025\/12\/IMG_2389_thumb.jpg\" border=\"0\"><\/a>&nbsp;<a href=\"https:\/\/volkerontour.de\/wp-content\/uploads\/2025\/12\/IMG_2391.jpg\"><img loading=\"lazy\" decoding=\"async\" width=\"244\" height=\"184\" title=\"IMG_2391\" style=\"display: inline; background-image: none;\" alt=\"IMG_2391\" src=\"https:\/\/volkerontour.de\/wp-content\/uploads\/2025\/12\/IMG_2391_thumb.jpg\" border=\"0\"><\/a><\/p>\n<p><a href=\"https:\/\/volkerontour.de\/wp-content\/uploads\/2025\/12\/IMG_2393.jpg\"><img loading=\"lazy\" decoding=\"async\" width=\"244\" height=\"184\" title=\"IMG_2393\" style=\"display: inline; background-image: none;\" alt=\"IMG_2393\" src=\"https:\/\/volkerontour.de\/wp-content\/uploads\/2025\/12\/IMG_2393_thumb.jpg\" border=\"0\"><\/a>&nbsp;<a href=\"https:\/\/volkerontour.de\/wp-content\/uploads\/2025\/12\/IMG_2394.jpg\"><img loading=\"lazy\" decoding=\"async\" width=\"244\" height=\"184\" title=\"IMG_2394\" style=\"display: inline; background-image: none;\" alt=\"IMG_2394\" src=\"https:\/\/volkerontour.de\/wp-content\/uploads\/2025\/12\/IMG_2394_thumb.jpg\" border=\"0\"><\/a><\/p>\n<p>Unser (inoffizielles) Weihnachtsmenu nahmen wir in Buffetform ein, bevor wir dann in unsere Zimmer verschwanden. <\/p>\n<p>Morgen haben wir den ganzen Tag Zeit die Gegend zu erkunden. Und hier gibt es einiges zu sehen (so viel darf ich jetzt schonmal verraten <img decoding=\"async\" class=\"wlEmoticon wlEmoticon-winkingsmile\" style=\"\" alt=\"Winking smile\" src=\"https:\/\/volkerontour.de\/wp-content\/uploads\/2025\/12\/wlEmoticon-winkingsmile-4.png\">).<\/p>\n<p>Zum Schluss w\u00fcnsche ich nat\u00fcrlich allen Leserinnen und Lesern ein frohes Weihnachtsfest <img decoding=\"async\" class=\"wlEmoticon wlEmoticon-smile\" style=\"\" alt=\"Smile\" src=\"https:\/\/volkerontour.de\/wp-content\/uploads\/2025\/12\/wlEmoticon-smile-4.png\"><\/p>\n","protected":false},"excerpt":{"rendered":"<p>Mittwoch, 24.12.: Auch heute lagen wieder einige Kilometer vor uns, denn es ging von Ha`il \u00fcber Jubbah bis zu unserem Tagesziel nach Al-`Ula. Inzwischen waren wir komplett in der W\u00fcste angekommen. Die Landschaft wechselte zwischen Steinw\u00fcste, Sandd\u00fcnen und Felsenformationen. &nbsp; &hellip; <a href=\"https:\/\/volkerontour.de\/?p=45762\">Weiterlesen <span class=\"meta-nav\">&rarr;<\/span><\/a><\/p>\n","protected":false},"author":3,"featured_media":0,"comment_status":"closed","ping_status":"closed","sticky":false,"template":"","format":"standard","meta":{"footnotes":""},"categories":[65],"tags":[],"class_list":["post-45762","post","type-post","status-publish","format-standard","hentry","category-saudi-arabien-2025"],"_links":{"self":[{"href":"https:\/\/volkerontour.de\/index.php?rest_route=\/wp\/v2\/posts\/45762","targetHints":{"allow":["GET"]}}],"collection":[{"href":"https:\/\/volkerontour.de\/index.php?rest_route=\/wp\/v2\/posts"}],"about":[{"href":"https:\/\/volkerontour.de\/index.php?rest_route=\/wp\/v2\/types\/post"}],"author":[{"embeddable":true,"href":"https:\/\/volkerontour.de\/index.php?rest_route=\/wp\/v2\/users\/3"}],"replies":[{"embeddable":true,"href":"https:\/\/volkerontour.de\/index.php?rest_route=%2Fwp%2Fv2%2Fcomments&post=45762"}],"version-history":[{"count":1,"href":"https:\/\/volkerontour.de\/index.php?rest_route=\/wp\/v2\/posts\/45762\/revisions"}],"predecessor-version":[{"id":45763,"href":"https:\/\/volkerontour.de\/index.php?rest_route=\/wp\/v2\/posts\/45762\/revisions\/45763"}],"wp:attachment":[{"href":"https:\/\/volkerontour.de\/index.php?rest_route=%2Fwp%2Fv2%2Fmedia&parent=45762"}],"wp:term":[{"taxonomy":"category","embeddable":true,"href":"https:\/\/volkerontour.de\/index.php?rest_route=%2Fwp%2Fv2%2Fcategories&post=45762"},{"taxonomy":"post_tag","embeddable":true,"href":"https:\/\/volkerontour.de\/index.php?rest_route=%2Fwp%2Fv2%2Ftags&post=45762"}],"curies":[{"name":"wp","href":"https:\/\/api.w.org\/{rel}","templated":true}]}}