{"id":45834,"date":"2025-12-25T18:55:48","date_gmt":"2025-12-25T18:55:48","guid":{"rendered":"https:\/\/volkerontour.de\/?p=45834"},"modified":"2025-12-25T18:55:48","modified_gmt":"2025-12-25T18:55:48","slug":"tag-8-al-ula-und-umgebung","status":"publish","type":"post","link":"https:\/\/volkerontour.de\/?p=45834","title":{"rendered":"Tag 8: Al-`Ula und Umgebung"},"content":{"rendered":"<p>Donnerstag, 25.12.: Schon vor sechs Uhr klingelte heute Morgen der Wecker, denn wir brachen fr\u00fch nach \u201cHegra\u201d zu den nabath\u00e4ischen Felsengr\u00e4bern von \u201cMada`in Salih\u201d auf, die ganz in der N\u00e4he unserer sch\u00f6nen Unterkunft gelegen waren.<\/p>\n<p><a href=\"https:\/\/volkerontour.de\/wp-content\/uploads\/2025\/12\/IMG_7466.jpg\"><img loading=\"lazy\" decoding=\"async\" width=\"244\" height=\"184\" title=\"IMG_7466\" style=\"display: inline; background-image: none;\" alt=\"IMG_7466\" src=\"https:\/\/volkerontour.de\/wp-content\/uploads\/2025\/12\/IMG_7466_thumb.jpg\" border=\"0\"><\/a>&nbsp;<a href=\"https:\/\/volkerontour.de\/wp-content\/uploads\/2025\/12\/IMG_7469.jpg\"><img loading=\"lazy\" decoding=\"async\" width=\"244\" height=\"184\" title=\"IMG_7469\" style=\"display: inline; background-image: none;\" alt=\"IMG_7469\" src=\"https:\/\/volkerontour.de\/wp-content\/uploads\/2025\/12\/IMG_7469_thumb.jpg\" border=\"0\"><\/a><\/p>\n<p>Um das Gebiet zu besichtigen, muss man leider in einen gro\u00dfen Touristenbus einsteigen, und wird dann (mit etwa 50 weiteren Personen) zu den einzelnen Sehensw\u00fcrdigkeiten gefahren. Doof, aber ging leider nicht anders.<\/p>\n<p><a href=\"https:\/\/volkerontour.de\/wp-content\/uploads\/2025\/12\/IMG_7484.jpg\"><img loading=\"lazy\" decoding=\"async\" width=\"244\" height=\"184\" title=\"IMG_7484\" style=\"display: inline; background-image: none;\" alt=\"IMG_7484\" src=\"https:\/\/volkerontour.de\/wp-content\/uploads\/2025\/12\/IMG_7484_thumb.jpg\" border=\"0\"><\/a>&nbsp;<\/p>\n<p>Das ganze Gebiet mit den interessanten Felsenformationen und den Gr\u00e4bern erinnert sehr stark an die antike jordanische Felsenstadt Petra.<\/p>\n<p><a href=\"https:\/\/volkerontour.de\/wp-content\/uploads\/2025\/12\/IMG_7473.jpg\"><img loading=\"lazy\" decoding=\"async\" width=\"244\" height=\"184\" title=\"IMG_7473\" style=\"display: inline; background-image: none;\" alt=\"IMG_7473\" src=\"https:\/\/volkerontour.de\/wp-content\/uploads\/2025\/12\/IMG_7473_thumb.jpg\" border=\"0\"><\/a>&nbsp;<a href=\"https:\/\/volkerontour.de\/wp-content\/uploads\/2025\/12\/IMG_7480.jpg\"><img loading=\"lazy\" decoding=\"async\" width=\"244\" height=\"184\" title=\"IMG_7480\" style=\"display: inline; background-image: none;\" alt=\"IMG_7480\" src=\"https:\/\/volkerontour.de\/wp-content\/uploads\/2025\/12\/IMG_7480_thumb.jpg\" border=\"0\"><\/a><\/p>\n<p>Die Stadt wurde vor allem zwischen dem ersten Jahrhundert vor Christus und dem ersten Jahrhundert nach Christus gebaut und genutzt, und liegt an einer alten Karawanenroute, die den s\u00fcdarabischen Raum mit dem Mittelmeer verband. Daher spielte sie eine sehr bedeutende Rolle im Fernhandel von Weihrauch, Gew\u00fcrzen und anderen Waren.<\/p>\n<p><a href=\"https:\/\/volkerontour.de\/wp-content\/uploads\/2025\/12\/IMG_7488.jpg\"><img loading=\"lazy\" decoding=\"async\" width=\"244\" height=\"184\" title=\"IMG_7488\" style=\"display: inline; background-image: none;\" alt=\"IMG_7488\" src=\"https:\/\/volkerontour.de\/wp-content\/uploads\/2025\/12\/IMG_7488_thumb.jpg\" border=\"0\"><\/a>&nbsp;<a href=\"https:\/\/volkerontour.de\/wp-content\/uploads\/2025\/12\/IMG_7487.jpg\"><img loading=\"lazy\" decoding=\"async\" width=\"244\" height=\"184\" title=\"IMG_7487\" style=\"display: inline; background-image: none;\" alt=\"IMG_7487\" src=\"https:\/\/volkerontour.de\/wp-content\/uploads\/2025\/12\/IMG_7487_thumb.jpg\" border=\"0\"><\/a><\/p>\n<p>Besonders beeindruckend ist sicherlich die Grabst\u00e4tte von Qasr al-Farid, die aus einem einzelnen Monolit (mit einer H\u00f6he von 20 Metern) herausgearbeitet wurde.<\/p>\n<p><a href=\"https:\/\/volkerontour.de\/wp-content\/uploads\/2025\/12\/IMG_7490.jpg\"><img loading=\"lazy\" decoding=\"async\" width=\"244\" height=\"184\" title=\"IMG_7490\" style=\"display: inline; background-image: none;\" alt=\"IMG_7490\" src=\"https:\/\/volkerontour.de\/wp-content\/uploads\/2025\/12\/IMG_7490_thumb.jpg\" border=\"0\"><\/a>&nbsp;<a href=\"https:\/\/volkerontour.de\/wp-content\/uploads\/2025\/12\/IMG_2438.jpg\"><img loading=\"lazy\" decoding=\"async\" width=\"244\" height=\"184\" title=\"IMG_2438\" style=\"display: inline; background-image: none;\" alt=\"IMG_2438\" src=\"https:\/\/volkerontour.de\/wp-content\/uploads\/2025\/12\/IMG_2438_thumb.jpg\" border=\"0\"><\/a><\/p>\n<p><a href=\"https:\/\/volkerontour.de\/wp-content\/uploads\/2025\/12\/IMG_2446.jpg\"><img loading=\"lazy\" decoding=\"async\" width=\"244\" height=\"184\" title=\"IMG_2446\" style=\"display: inline; background-image: none;\" alt=\"IMG_2446\" src=\"https:\/\/volkerontour.de\/wp-content\/uploads\/2025\/12\/IMG_2446_thumb.jpg\" border=\"0\"><\/a>&nbsp;<a href=\"https:\/\/volkerontour.de\/wp-content\/uploads\/2025\/12\/IMG_7504.jpg\"><img loading=\"lazy\" decoding=\"async\" width=\"244\" height=\"184\" title=\"IMG_7504\" style=\"display: inline; background-image: none;\" alt=\"IMG_7504\" src=\"https:\/\/volkerontour.de\/wp-content\/uploads\/2025\/12\/IMG_7504_thumb.jpg\" border=\"0\"><\/a><\/p>\n<p>Insgesamt finden sich deutlich \u00fcber 100 monumental gearbeitete Felsengr\u00e4ber in Hegra, von denen 94 mit reich dekorierten Fassaden ausgestattet wurden. Nat\u00fcrlich z\u00e4hlen die Grabst\u00e4tten l\u00e4ngst zum Weltkulturerbe der UNESCO.<\/p>\n<p><a href=\"https:\/\/volkerontour.de\/wp-content\/uploads\/2025\/12\/IMG_7495.jpg\"><img loading=\"lazy\" decoding=\"async\" width=\"244\" height=\"184\" title=\"IMG_7495\" style=\"display: inline; background-image: none;\" alt=\"IMG_7495\" src=\"https:\/\/volkerontour.de\/wp-content\/uploads\/2025\/12\/IMG_7495_thumb.jpg\" border=\"0\"><\/a>&nbsp;<a href=\"https:\/\/volkerontour.de\/wp-content\/uploads\/2025\/12\/IMG_7499.jpg\"><img loading=\"lazy\" decoding=\"async\" width=\"244\" height=\"184\" title=\"IMG_7499\" style=\"display: inline; background-image: none;\" alt=\"IMG_7499\" src=\"https:\/\/volkerontour.de\/wp-content\/uploads\/2025\/12\/IMG_7499_thumb.jpg\" border=\"0\"><\/a><\/p>\n<p>Wir fuhren weiter zur sch\u00f6nen Altstadt von Al-`Ula. Die alten Lehmbauten wurden im Laufe der Jahre sch\u00f6n restauriert und mit vielen kleinen Gesch\u00e4ften, Restaurants und Caf\u00e8`s ausgestattet.<\/p>\n<p>&nbsp;<a href=\"https:\/\/volkerontour.de\/wp-content\/uploads\/2025\/12\/IMG_2458.jpg\"><img loading=\"lazy\" decoding=\"async\" width=\"244\" height=\"184\" title=\"IMG_2458\" style=\"display: inline; background-image: none;\" alt=\"IMG_2458\" src=\"https:\/\/volkerontour.de\/wp-content\/uploads\/2025\/12\/IMG_2458_thumb.jpg\" border=\"0\"><\/a>&nbsp;<a href=\"https:\/\/volkerontour.de\/wp-content\/uploads\/2025\/12\/IMG_2448.jpg\"><img loading=\"lazy\" decoding=\"async\" width=\"244\" height=\"184\" title=\"IMG_2448\" style=\"display: inline; background-image: none;\" alt=\"IMG_2448\" src=\"https:\/\/volkerontour.de\/wp-content\/uploads\/2025\/12\/IMG_2448_thumb.jpg\" border=\"0\"><\/a><\/p>\n<p><a href=\"https:\/\/volkerontour.de\/wp-content\/uploads\/2025\/12\/IMG_2450.jpg\"><img loading=\"lazy\" decoding=\"async\" width=\"244\" height=\"184\" title=\"IMG_2450\" style=\"display: inline; background-image: none;\" alt=\"IMG_2450\" src=\"https:\/\/volkerontour.de\/wp-content\/uploads\/2025\/12\/IMG_2450_thumb.jpg\" border=\"0\"><\/a>&nbsp;<a href=\"https:\/\/volkerontour.de\/wp-content\/uploads\/2025\/12\/IMG_2455.jpg\"><img loading=\"lazy\" decoding=\"async\" width=\"244\" height=\"184\" title=\"IMG_2455\" style=\"display: inline; background-image: none;\" alt=\"IMG_2455\" src=\"https:\/\/volkerontour.de\/wp-content\/uploads\/2025\/12\/IMG_2455_thumb.jpg\" border=\"0\"><\/a><\/p>\n<p>Wir machten ein kurzes P\u00e4uschen, tranken einen Kaffee und hielten ein wenig Ausschau nach sch\u00f6nen Fotomotiven.<\/p>\n<p><a href=\"https:\/\/volkerontour.de\/wp-content\/uploads\/2025\/12\/IMG_2457.jpg\"><img loading=\"lazy\" decoding=\"async\" width=\"244\" height=\"184\" title=\"IMG_2457\" style=\"display: inline; background-image: none;\" alt=\"IMG_2457\" src=\"https:\/\/volkerontour.de\/wp-content\/uploads\/2025\/12\/IMG_2457_thumb.jpg\" border=\"0\"><\/a>&nbsp;<a href=\"https:\/\/volkerontour.de\/wp-content\/uploads\/2025\/12\/IMG_2454.jpg\"><img loading=\"lazy\" decoding=\"async\" width=\"244\" height=\"184\" title=\"IMG_2454\" style=\"display: inline; background-image: none;\" alt=\"IMG_2454\" src=\"https:\/\/volkerontour.de\/wp-content\/uploads\/2025\/12\/IMG_2454_thumb.jpg\" border=\"0\"><\/a><\/p>\n<p><a href=\"https:\/\/volkerontour.de\/wp-content\/uploads\/2025\/12\/IMG_7509.jpg\"><img loading=\"lazy\" decoding=\"async\" width=\"244\" height=\"184\" title=\"IMG_7509\" style=\"display: inline; background-image: none;\" alt=\"IMG_7509\" src=\"https:\/\/volkerontour.de\/wp-content\/uploads\/2025\/12\/IMG_7509_thumb.jpg\" border=\"0\"><\/a>&nbsp;<a href=\"https:\/\/volkerontour.de\/wp-content\/uploads\/2025\/12\/IMG_7511.jpg\"><img loading=\"lazy\" decoding=\"async\" width=\"244\" height=\"184\" title=\"IMG_7511\" style=\"display: inline; background-image: none;\" alt=\"IMG_7511\" src=\"https:\/\/volkerontour.de\/wp-content\/uploads\/2025\/12\/IMG_7511_thumb.jpg\" border=\"0\"><\/a><\/p>\n<p>Zum Mittagessen kehrten wir in ein arabisches Restaurant ein, in dem dann irgendwie doch alle etwas Asiatisches bestellten <img decoding=\"async\" class=\"wlEmoticon wlEmoticon-winkingsmile\" alt=\"Winking smile\" src=\"https:\/\/volkerontour.de\/wp-content\/uploads\/2025\/12\/wlEmoticon-winkingsmile-5.png\"><\/p>\n<p><a href=\"https:\/\/volkerontour.de\/wp-content\/uploads\/2025\/12\/IMG_2460.jpg\"><img loading=\"lazy\" decoding=\"async\" width=\"244\" height=\"184\" title=\"IMG_2460\" style=\"display: inline; background-image: none;\" alt=\"IMG_2460\" src=\"https:\/\/volkerontour.de\/wp-content\/uploads\/2025\/12\/IMG_2460_thumb.jpg\" border=\"0\"><\/a><\/p>\n<p>Einen \u00fcberragenden Ausblick \u00fcber die ganze Al-`Ula-Region hatten wir am sp\u00e4ten Nachmittag vom \u201cHattar\u201d-Aussichtspunkt. Neben den bequemen Loungem\u00f6beln konnte man sich auch vom dazugeh\u00f6rigen Restaurant aus den Sonnenuntergang ansehen.<\/p>\n<p><a href=\"https:\/\/volkerontour.de\/wp-content\/uploads\/2025\/12\/IMG_2517.jpg\"><img loading=\"lazy\" decoding=\"async\" width=\"244\" height=\"184\" title=\"IMG_2517\" style=\"display: inline; background-image: none;\" alt=\"IMG_2517\" src=\"https:\/\/volkerontour.de\/wp-content\/uploads\/2025\/12\/IMG_2517_thumb.jpg\" border=\"0\"><\/a>&nbsp;<a href=\"https:\/\/volkerontour.de\/wp-content\/uploads\/2025\/12\/IMG_2518.jpg\"><img loading=\"lazy\" decoding=\"async\" width=\"244\" height=\"184\" title=\"IMG_2518\" style=\"display: inline; background-image: none;\" alt=\"IMG_2518\" src=\"https:\/\/volkerontour.de\/wp-content\/uploads\/2025\/12\/IMG_2518_thumb.jpg\" border=\"0\"><\/a><\/p>\n<p><a href=\"https:\/\/volkerontour.de\/wp-content\/uploads\/2025\/12\/IMG_2505.jpg\"><img loading=\"lazy\" decoding=\"async\" width=\"244\" height=\"184\" title=\"IMG_2505\" style=\"display: inline; background-image: none;\" alt=\"IMG_2505\" src=\"https:\/\/volkerontour.de\/wp-content\/uploads\/2025\/12\/IMG_2505_thumb.jpg\" border=\"0\"><\/a>&nbsp;<a href=\"https:\/\/volkerontour.de\/wp-content\/uploads\/2025\/12\/IMG_2506.jpg\"><img loading=\"lazy\" decoding=\"async\" width=\"244\" height=\"184\" title=\"IMG_2506\" style=\"display: inline; background-image: none;\" alt=\"IMG_2506\" src=\"https:\/\/volkerontour.de\/wp-content\/uploads\/2025\/12\/IMG_2506_thumb.jpg\" border=\"0\"><\/a><\/p>\n<p>\u2026oder mal wieder ein paar Leute beobachten <img decoding=\"async\" class=\"wlEmoticon wlEmoticon-winkingsmile\" style=\"\" alt=\"Winking smile\" src=\"https:\/\/volkerontour.de\/wp-content\/uploads\/2025\/12\/wlEmoticon-winkingsmile-5.png\"><\/p>\n<p><a href=\"https:\/\/volkerontour.de\/wp-content\/uploads\/2025\/12\/IMG_7516.jpg\"><img loading=\"lazy\" decoding=\"async\" width=\"244\" height=\"184\" title=\"IMG_7516\" style=\"display: inline; background-image: none;\" alt=\"IMG_7516\" src=\"https:\/\/volkerontour.de\/wp-content\/uploads\/2025\/12\/IMG_7516_thumb.jpg\" border=\"0\"><\/a>&nbsp;<a href=\"https:\/\/volkerontour.de\/wp-content\/uploads\/2025\/12\/IMG_7524.jpg\"><img loading=\"lazy\" decoding=\"async\" width=\"244\" height=\"184\" title=\"IMG_7524\" style=\"display: inline; background-image: none;\" alt=\"IMG_7524\" src=\"https:\/\/volkerontour.de\/wp-content\/uploads\/2025\/12\/IMG_7524_thumb.jpg\" border=\"0\"><\/a><\/p>\n<p>Leider war der Himmel heute ziemlich wolkig, so dass vom Sonnenuntergang nicht viel zu sehen war. Wir hatten es dennoch nicht bereut , denn allein der Blick ins Tal war wirklich top!<\/p>\n<p><a href=\"https:\/\/volkerontour.de\/wp-content\/uploads\/2025\/12\/IMG_2513.jpg\"><img loading=\"lazy\" decoding=\"async\" width=\"244\" height=\"184\" title=\"IMG_2513\" style=\"display: inline; background-image: none;\" alt=\"IMG_2513\" src=\"https:\/\/volkerontour.de\/wp-content\/uploads\/2025\/12\/IMG_2513_thumb.jpg\" border=\"0\"><\/a>&nbsp;<a href=\"https:\/\/volkerontour.de\/wp-content\/uploads\/2025\/12\/IMG_2520.jpg\"><img loading=\"lazy\" decoding=\"async\" width=\"244\" height=\"184\" title=\"IMG_2520\" style=\"display: inline; background-image: none;\" alt=\"IMG_2520\" src=\"https:\/\/volkerontour.de\/wp-content\/uploads\/2025\/12\/IMG_2520_thumb.jpg\" border=\"0\"><\/a><\/p>\n<p>Den \u201cElephant Rock\u201d kennt Ihr ja schon von gestern. Er ist auch im Dunkeln sehr sch\u00f6n beleuchtet\u2026<\/p>\n<p><a href=\"https:\/\/volkerontour.de\/wp-content\/uploads\/2025\/12\/IMG_2522.jpg\"><img loading=\"lazy\" decoding=\"async\" width=\"244\" height=\"184\" title=\"IMG_2522\" style=\"display: inline; background-image: none;\" alt=\"IMG_2522\" src=\"https:\/\/volkerontour.de\/wp-content\/uploads\/2025\/12\/IMG_2522_thumb.jpg\" border=\"0\"><\/a>&nbsp;<a href=\"https:\/\/volkerontour.de\/wp-content\/uploads\/2025\/12\/IMG_2523.jpg\"><img loading=\"lazy\" decoding=\"async\" width=\"244\" height=\"184\" title=\"IMG_2523\" style=\"display: inline; background-image: none;\" alt=\"IMG_2523\" src=\"https:\/\/volkerontour.de\/wp-content\/uploads\/2025\/12\/IMG_2523_thumb.jpg\" border=\"0\"><\/a><\/p>\n<p><a href=\"https:\/\/volkerontour.de\/wp-content\/uploads\/2025\/12\/IMG_2525.jpg\"><img loading=\"lazy\" decoding=\"async\" width=\"244\" height=\"184\" title=\"IMG_2525\" style=\"display: inline; background-image: none;\" alt=\"IMG_2525\" src=\"https:\/\/volkerontour.de\/wp-content\/uploads\/2025\/12\/IMG_2525_thumb.jpg\" border=\"0\"><\/a>&nbsp;<a href=\"https:\/\/volkerontour.de\/wp-content\/uploads\/2025\/12\/IMG_2524.jpg\"><img loading=\"lazy\" decoding=\"async\" width=\"244\" height=\"184\" title=\"IMG_2524\" style=\"display: inline; background-image: none;\" alt=\"IMG_2524\" src=\"https:\/\/volkerontour.de\/wp-content\/uploads\/2025\/12\/IMG_2524_thumb.jpg\" border=\"0\"><\/a><\/p>\n<p>Morgen geht`s dann schon weiter nach Medina, neben Mekka sicherlich die zweite Islam-Hochburg. Ich bin sehr gespannt.<\/p>\n<p>Viele Gr\u00fc\u00dfe und einen sch\u00f6nen Weihnachtsfeiertagsabend w\u00fcnsche ich noch <img decoding=\"async\" class=\"wlEmoticon wlEmoticon-smile\" style=\"\" alt=\"Smile\" src=\"https:\/\/volkerontour.de\/wp-content\/uploads\/2025\/12\/wlEmoticon-smile-5.png\"><\/p>\n","protected":false},"excerpt":{"rendered":"<p>Donnerstag, 25.12.: Schon vor sechs Uhr klingelte heute Morgen der Wecker, denn wir brachen fr\u00fch nach \u201cHegra\u201d zu den nabath\u00e4ischen Felsengr\u00e4bern von \u201cMada`in Salih\u201d auf, die ganz in der N\u00e4he unserer sch\u00f6nen Unterkunft gelegen waren. &nbsp; Um das Gebiet zu &hellip; <a href=\"https:\/\/volkerontour.de\/?p=45834\">Weiterlesen <span class=\"meta-nav\">&rarr;<\/span><\/a><\/p>\n","protected":false},"author":3,"featured_media":0,"comment_status":"closed","ping_status":"closed","sticky":false,"template":"","format":"standard","meta":{"footnotes":""},"categories":[65],"tags":[],"class_list":["post-45834","post","type-post","status-publish","format-standard","hentry","category-saudi-arabien-2025"],"_links":{"self":[{"href":"https:\/\/volkerontour.de\/index.php?rest_route=\/wp\/v2\/posts\/45834","targetHints":{"allow":["GET"]}}],"collection":[{"href":"https:\/\/volkerontour.de\/index.php?rest_route=\/wp\/v2\/posts"}],"about":[{"href":"https:\/\/volkerontour.de\/index.php?rest_route=\/wp\/v2\/types\/post"}],"author":[{"embeddable":true,"href":"https:\/\/volkerontour.de\/index.php?rest_route=\/wp\/v2\/users\/3"}],"replies":[{"embeddable":true,"href":"https:\/\/volkerontour.de\/index.php?rest_route=%2Fwp%2Fv2%2Fcomments&post=45834"}],"version-history":[{"count":1,"href":"https:\/\/volkerontour.de\/index.php?rest_route=\/wp\/v2\/posts\/45834\/revisions"}],"predecessor-version":[{"id":45835,"href":"https:\/\/volkerontour.de\/index.php?rest_route=\/wp\/v2\/posts\/45834\/revisions\/45835"}],"wp:attachment":[{"href":"https:\/\/volkerontour.de\/index.php?rest_route=%2Fwp%2Fv2%2Fmedia&parent=45834"}],"wp:term":[{"taxonomy":"category","embeddable":true,"href":"https:\/\/volkerontour.de\/index.php?rest_route=%2Fwp%2Fv2%2Fcategories&post=45834"},{"taxonomy":"post_tag","embeddable":true,"href":"https:\/\/volkerontour.de\/index.php?rest_route=%2Fwp%2Fv2%2Ftags&post=45834"}],"curies":[{"name":"wp","href":"https:\/\/api.w.org\/{rel}","templated":true}]}}