{"id":45888,"date":"2025-12-26T18:39:32","date_gmt":"2025-12-26T18:39:32","guid":{"rendered":"https:\/\/volkerontour.de\/?p=45888"},"modified":"2025-12-26T18:39:32","modified_gmt":"2025-12-26T18:39:32","slug":"tag-9-medina","status":"publish","type":"post","link":"https:\/\/volkerontour.de\/?p=45888","title":{"rendered":"Tag 9: Medina"},"content":{"rendered":"<p>Freitag, 26.12.: Heute Morgen mussten wir Abschied nehmen von unserer sch\u00f6nen Unterkunft in Al-`Ula. Es waren zwei wirklich sehr sch\u00f6ne und erlebnisreiche Tage in der W\u00fcste.<\/p>\n<p><a href=\"https:\/\/volkerontour.de\/wp-content\/uploads\/2025\/12\/IMG_2541.jpg\"><img loading=\"lazy\" decoding=\"async\" width=\"244\" height=\"184\" title=\"IMG_2541\" style=\"display: inline; background-image: none;\" alt=\"IMG_2541\" src=\"https:\/\/volkerontour.de\/wp-content\/uploads\/2025\/12\/IMG_2541_thumb.jpg\" border=\"0\"><\/a>&nbsp;<a href=\"https:\/\/volkerontour.de\/wp-content\/uploads\/2025\/12\/IMG_2542.jpg\"><img loading=\"lazy\" decoding=\"async\" width=\"244\" height=\"184\" title=\"IMG_2542\" style=\"display: inline; background-image: none;\" alt=\"IMG_2542\" src=\"https:\/\/volkerontour.de\/wp-content\/uploads\/2025\/12\/IMG_2542_thumb.jpg\" border=\"0\"><\/a><\/p>\n<p>Nicht weniger spannend sollte es heute in Medina werden. Nach etwa 4 Stunden Busfahrt erreichten wir die zweitheiligste Stadt des Islam. Und es war endlich richtig sch\u00f6n warm (28 Grad) als wir den Bus verlie\u00dfen. Etwa 1,5 Millionen Menschen leben heute in der Stadt in die 622 n. Chr. Mohammed auswanderte, nachdem er in Mekka der Verfolgung ausgesetzt war. Erst seit etwa 4 Jahres ist es \u201cNicht-Muslimen\u201d erlaubt die Stadt zu betreten. Daher war ich mir anfangs nicht sicher, wie man auf uns Touristen reagieren w\u00fcrde. Aber alles ganz entspannt.<\/p>\n<p>Zun\u00e4chst stoppten wir beim Uhud-Berg. Hier fand 625 n. Chr. eine historische Schlacht statt. Zum Gedenken an diese besuchen t\u00e4glich zahlreiche Gl\u00e4ubige den (nicht allzu hohen) Berg, von dem man eine sch\u00f6ne Sicht auf die dazugeh\u00f6rige Moschee (Masjid al-Schuhada) hat.<\/p>\n<p><a href=\"https:\/\/volkerontour.de\/wp-content\/uploads\/2025\/12\/IMG_2546.jpg\"><img loading=\"lazy\" decoding=\"async\" width=\"244\" height=\"184\" title=\"IMG_2546\" style=\"display: inline; background-image: none;\" alt=\"IMG_2546\" src=\"https:\/\/volkerontour.de\/wp-content\/uploads\/2025\/12\/IMG_2546_thumb.jpg\" border=\"0\"><\/a>&nbsp;<a href=\"https:\/\/volkerontour.de\/wp-content\/uploads\/2025\/12\/IMG_2550.jpg\"><img loading=\"lazy\" decoding=\"async\" width=\"244\" height=\"184\" title=\"IMG_2550\" style=\"display: inline; background-image: none;\" alt=\"IMG_2550\" src=\"https:\/\/volkerontour.de\/wp-content\/uploads\/2025\/12\/IMG_2550_thumb.jpg\" border=\"0\"><\/a><\/p>\n<p><a href=\"https:\/\/volkerontour.de\/wp-content\/uploads\/2025\/12\/IMG_2553.jpg\"><img loading=\"lazy\" decoding=\"async\" width=\"244\" height=\"184\" title=\"IMG_2553\" style=\"display: inline; background-image: none;\" alt=\"IMG_2553\" src=\"https:\/\/volkerontour.de\/wp-content\/uploads\/2025\/12\/IMG_2553_thumb.jpg\" border=\"0\"><\/a>&nbsp;<a href=\"https:\/\/volkerontour.de\/wp-content\/uploads\/2025\/12\/IMG_7525.jpg\"><img loading=\"lazy\" decoding=\"async\" width=\"244\" height=\"184\" title=\"IMG_7525\" style=\"display: inline; background-image: none;\" alt=\"IMG_7525\" src=\"https:\/\/volkerontour.de\/wp-content\/uploads\/2025\/12\/IMG_7525_thumb.jpg\" border=\"0\"><\/a><\/p>\n<p>F\u00fcr die beiden wichtigsten Moscheen der Stadt mussten sich unsere Damen erst einmal entsprechend ausstatten. Ohne Abaya darf sich keine Frau den heiligen St\u00e4tten n\u00e4hern. F\u00fcr schlanke 15-20\u20ac war man da schon dabei.<\/p>\n<p><a href=\"https:\/\/volkerontour.de\/wp-content\/uploads\/2025\/12\/IMG_2554.jpg\"><img loading=\"lazy\" decoding=\"async\" width=\"244\" height=\"184\" title=\"IMG_2554\" style=\"display: inline; background-image: none;\" alt=\"IMG_2554\" src=\"https:\/\/volkerontour.de\/wp-content\/uploads\/2025\/12\/IMG_2554_thumb.jpg\" border=\"0\"><\/a>&nbsp;<a href=\"https:\/\/volkerontour.de\/wp-content\/uploads\/2025\/12\/IMG_2555.jpg\"><img loading=\"lazy\" decoding=\"async\" width=\"244\" height=\"184\" title=\"IMG_2555\" style=\"display: inline; background-image: none;\" alt=\"IMG_2555\" src=\"https:\/\/volkerontour.de\/wp-content\/uploads\/2025\/12\/IMG_2555_thumb.jpg\" border=\"0\"><\/a><\/p>\n<p><a href=\"https:\/\/volkerontour.de\/wp-content\/uploads\/2025\/12\/IMG_2557.jpg\"><img loading=\"lazy\" decoding=\"async\" width=\"244\" height=\"184\" title=\"IMG_2557\" style=\"display: inline; background-image: none;\" alt=\"IMG_2557\" src=\"https:\/\/volkerontour.de\/wp-content\/uploads\/2025\/12\/IMG_2557_thumb.jpg\" border=\"0\"><\/a><\/p>\n<p>Das Highlight der Stadt ist allerdings ohne Zweifel der Prophetenmoschee (Al-Madschid an-Nabawi), in der sich das Grab von Mohammed befindet. Nach der Al-Haram Moschee in Mekka ist die Prophetenmoschee die zweigr\u00f6\u00dfte und zweitwichtigste Moschee der Welt. Inklusive der umgebenden H\u00f6fe bel\u00e4uft sich die Fl\u00e4che der Moschee auf satte 400.000 Quadratmeter. Genug Platz f\u00fcr \u00fcber eine Million Gl\u00e4ubige!!! Das Bild unten habe ich aus dem Netz geklaut, da es so gut wie unm\u00f6glich ist ein Bild von der kompletten Moschee zu bekommen. <\/p>\n<p><a href=\"https:\/\/volkerontour.de\/wp-content\/uploads\/2025\/12\/IMG_2592.jpg\"><img loading=\"lazy\" decoding=\"async\" width=\"244\" height=\"244\" title=\"IMG_2592\" style=\"display: inline; background-image: none;\" alt=\"IMG_2592\" src=\"https:\/\/volkerontour.de\/wp-content\/uploads\/2025\/12\/IMG_2592_thumb.jpg\" border=\"0\"><\/a><\/p>\n<p>Es gibt weder einen Aussichtspunkt noch eine hohe Br\u00fccke oder einen Berg von dem aus man die Moschee komplett betrachten kann. Die D\u00e4cher der umgebenden Hotels sind ebenso nicht begehbar. Neben sicherheitstechnischen Aspekten will man nat\u00fcrlich auch eine gewisse Privatsph\u00e4re f\u00fcr die Gl\u00e4ubigen schaffen, die nat\u00fcrlich ungern von ewig vielen Touristen beim Beten beobachtet werden wollen.<\/p>\n<p><a href=\"https:\/\/volkerontour.de\/wp-content\/uploads\/2025\/12\/IMG_2576.jpg\"><img loading=\"lazy\" decoding=\"async\" width=\"244\" height=\"184\" title=\"IMG_2576\" style=\"display: inline; background-image: none;\" alt=\"IMG_2576\" src=\"https:\/\/volkerontour.de\/wp-content\/uploads\/2025\/12\/IMG_2576_thumb.jpg\" border=\"0\"><\/a>&nbsp;<a href=\"https:\/\/volkerontour.de\/wp-content\/uploads\/2025\/12\/IMG_2577.jpg\"><img loading=\"lazy\" decoding=\"async\" width=\"244\" height=\"184\" title=\"IMG_2577\" style=\"display: inline; background-image: none;\" alt=\"IMG_2577\" src=\"https:\/\/volkerontour.de\/wp-content\/uploads\/2025\/12\/IMG_2577_thumb.jpg\" border=\"0\"><\/a><\/p>\n<p>Ein \u00dcbriges dazu tun auch die vielen (in Deutschland hergestellten) riesigen Schirme, die einerseits eine freie Sicht auf die Moschee verbauen, andererseits auch den vielen auf dem Hof betenden Gl\u00e4ubigen ein bisschen Schatten spenden sollen. Im Hochsommer wird es bis zu 45 Grad.<\/p>\n<p><a href=\"https:\/\/volkerontour.de\/wp-content\/uploads\/2025\/12\/IMG_2564.jpg\"><img loading=\"lazy\" decoding=\"async\" width=\"244\" height=\"184\" title=\"IMG_2564\" style=\"display: inline; background-image: none;\" alt=\"IMG_2564\" src=\"https:\/\/volkerontour.de\/wp-content\/uploads\/2025\/12\/IMG_2564_thumb.jpg\" border=\"0\"><\/a>&nbsp;<a href=\"https:\/\/volkerontour.de\/wp-content\/uploads\/2025\/12\/IMG_2566.jpg\"><img loading=\"lazy\" decoding=\"async\" width=\"244\" height=\"184\" title=\"IMG_2566\" style=\"display: inline; background-image: none;\" alt=\"IMG_2566\" src=\"https:\/\/volkerontour.de\/wp-content\/uploads\/2025\/12\/IMG_2566_thumb.jpg\" border=\"0\"><\/a><\/p>\n<p>Eigentlich hatten wir (als Ungl\u00e4ubige) gar keinen Zutritt zum Moscheegel\u00e4nde. Allerdings waren wir einfach mal so frech, und sind mit der Masse auf das Gel\u00e4nde durchgeschl\u00fcpft. So richtig interessiert hat es niemanden. Die M\u00e4dels in Ihren Abayas hatten es nat\u00fcrlich noch ein bisschen einfacher, und konnten in Ihren Outfits sogar bis ins Innere der Moschee vorsto\u00dfen. <\/p>\n<p><a href=\"https:\/\/volkerontour.de\/wp-content\/uploads\/2025\/12\/IMG_2563.jpg\"><img loading=\"lazy\" decoding=\"async\" width=\"184\" height=\"244\" title=\"IMG_2563\" style=\"display: inline; background-image: none;\" alt=\"IMG_2563\" src=\"https:\/\/volkerontour.de\/wp-content\/uploads\/2025\/12\/IMG_2563_thumb.jpg\" border=\"0\"><\/a>&nbsp;<a href=\"https:\/\/volkerontour.de\/wp-content\/uploads\/2025\/12\/IMG_2579.jpg\"><img loading=\"lazy\" decoding=\"async\" width=\"244\" height=\"184\" title=\"IMG_2579\" style=\"display: inline; background-image: none;\" alt=\"IMG_2579\" src=\"https:\/\/volkerontour.de\/wp-content\/uploads\/2025\/12\/IMG_2579_thumb.jpg\" border=\"0\"><\/a><\/p>\n<p>Ist aber schon wirklich krass was in der Stadt, und vor allem in der Moschee los ist. Es sind wirklich unglaublich viele Menschen dort waren. Alle Gl\u00e4ubigen des Islam m\u00fcssen ja mindestens einmal in ihrem Leben f\u00fcr mindestens 10 Tage nach Mekka und Medina pilgern. Manche tun dies deutlich \u00f6fter, um somit Ihren starken Glauben zu zeigen. F\u00fcr uns war es toll dies alles mal zu sehen. Es sind Dimensionen (sowohl was die Gr\u00f6\u00dfe der Moschee angeht, als auch die Menschenmenge), die ich so zuvor noch nie gesehen hatte.<\/p>\n<p><a href=\"https:\/\/volkerontour.de\/wp-content\/uploads\/2025\/12\/IMG_2561.jpg\"><img loading=\"lazy\" decoding=\"async\" width=\"244\" height=\"184\" title=\"IMG_2561\" style=\"display: inline; background-image: none;\" alt=\"IMG_2561\" src=\"https:\/\/volkerontour.de\/wp-content\/uploads\/2025\/12\/IMG_2561_thumb.jpg\" border=\"0\"><\/a>&nbsp;<a href=\"https:\/\/volkerontour.de\/wp-content\/uploads\/2025\/12\/IMG_2565.jpg\"><img loading=\"lazy\" decoding=\"async\" width=\"244\" height=\"184\" title=\"IMG_2565\" style=\"display: inline; background-image: none;\" alt=\"IMG_2565\" src=\"https:\/\/volkerontour.de\/wp-content\/uploads\/2025\/12\/IMG_2565_thumb.jpg\" border=\"0\"><\/a><\/p>\n<p>Nicht ganz so gro\u00df, aber trotzdem absolut sehenswert war danach die \u201cQuba-Moschee\u201d. Sie ist die erste Moschee des gesamten Islams, und wurde 622 n. Chr. von Mohammed erbaut. Wahnsinn, was auch da los war.<\/p>\n<p><a href=\"https:\/\/volkerontour.de\/wp-content\/uploads\/2025\/12\/IMG_2585.jpg\"><img loading=\"lazy\" decoding=\"async\" width=\"244\" height=\"184\" title=\"IMG_2585\" style=\"display: inline; background-image: none;\" alt=\"IMG_2585\" src=\"https:\/\/volkerontour.de\/wp-content\/uploads\/2025\/12\/IMG_2585_thumb.jpg\" border=\"0\"><\/a>&nbsp;<a href=\"https:\/\/volkerontour.de\/wp-content\/uploads\/2025\/12\/IMG_2583.jpg\"><img loading=\"lazy\" decoding=\"async\" width=\"244\" height=\"184\" title=\"IMG_2583\" style=\"display: inline; background-image: none;\" alt=\"IMG_2583\" src=\"https:\/\/volkerontour.de\/wp-content\/uploads\/2025\/12\/IMG_2583_thumb.jpg\" border=\"0\"><\/a><\/p>\n<p>Wir sind gerade zur Gebetszeit an der Moschee gewesen. Auch mal interessant zu sehen.<\/p>\n<p><a href=\"https:\/\/volkerontour.de\/wp-content\/uploads\/2025\/12\/IMG_2582.jpg\"><img loading=\"lazy\" decoding=\"async\" width=\"244\" height=\"184\" title=\"IMG_2582\" style=\"display: inline; background-image: none;\" alt=\"IMG_2582\" src=\"https:\/\/volkerontour.de\/wp-content\/uploads\/2025\/12\/IMG_2582_thumb.jpg\" border=\"0\"><\/a>&nbsp;<a href=\"https:\/\/volkerontour.de\/wp-content\/uploads\/2025\/12\/IMG_2587.jpg\"><img loading=\"lazy\" decoding=\"async\" width=\"244\" height=\"184\" title=\"IMG_2587\" style=\"display: inline; background-image: none;\" alt=\"IMG_2587\" src=\"https:\/\/volkerontour.de\/wp-content\/uploads\/2025\/12\/IMG_2587_thumb.jpg\" border=\"0\"><\/a><\/p>\n<p>Zudem durften wir sogar die Moschee von innen besichtigen. Doch wie in jeder Moschee gilt: Schuhe vorher ausziehen!<\/p>\n<p><a href=\"https:\/\/volkerontour.de\/wp-content\/uploads\/2025\/12\/IMG_2588.jpg\"><img loading=\"lazy\" decoding=\"async\" width=\"244\" height=\"184\" title=\"IMG_2588\" style=\"display: inline; background-image: none;\" alt=\"IMG_2588\" src=\"https:\/\/volkerontour.de\/wp-content\/uploads\/2025\/12\/IMG_2588_thumb.jpg\" border=\"0\"><\/a>&nbsp;<a href=\"https:\/\/volkerontour.de\/wp-content\/uploads\/2025\/12\/IMG_2589.jpg\"><img loading=\"lazy\" decoding=\"async\" width=\"244\" height=\"184\" title=\"IMG_2589\" style=\"display: inline; background-image: none;\" alt=\"IMG_2589\" src=\"https:\/\/volkerontour.de\/wp-content\/uploads\/2025\/12\/IMG_2589_thumb.jpg\" border=\"0\"><\/a><\/p>\n<p>Es war eine tolle Erfahrung heute. Auch wenn man sich sicherlich ein bisschen fremd in der Stadt f\u00fchlt, hat der Ort definitiv eine gewisse Strahlkraft. <\/p>\n<p>Zum Dinner wurde heute parkistanisch gegessen. Ziemlich scharf, aber auch sehr lecker.<\/p>\n<p><a href=\"https:\/\/volkerontour.de\/wp-content\/uploads\/2025\/12\/IMG_2590.jpg\"><img loading=\"lazy\" decoding=\"async\" width=\"244\" height=\"184\" title=\"IMG_2590\" style=\"display: inline; background-image: none;\" alt=\"IMG_2590\" src=\"https:\/\/volkerontour.de\/wp-content\/uploads\/2025\/12\/IMG_2590_thumb.jpg\" border=\"0\"><\/a>&nbsp;<a href=\"https:\/\/volkerontour.de\/wp-content\/uploads\/2025\/12\/IMG_2591.jpg\"><img loading=\"lazy\" decoding=\"async\" width=\"244\" height=\"184\" title=\"IMG_2591\" style=\"display: inline; background-image: none;\" alt=\"IMG_2591\" src=\"https:\/\/volkerontour.de\/wp-content\/uploads\/2025\/12\/IMG_2591_thumb.jpg\" border=\"0\"><\/a><\/p>\n<p>Morgen geht`s dann schon weiter nach Jeddah, der letzten Station unserer Tour.<\/p>\n<p>Guuuuuute Nacht und Gr\u00fc\u00dfe aus Medina.<\/p>\n","protected":false},"excerpt":{"rendered":"<p>Freitag, 26.12.: Heute Morgen mussten wir Abschied nehmen von unserer sch\u00f6nen Unterkunft in Al-`Ula. Es waren zwei wirklich sehr sch\u00f6ne und erlebnisreiche Tage in der W\u00fcste. &nbsp; Nicht weniger spannend sollte es heute in Medina werden. Nach etwa 4 Stunden &hellip; <a href=\"https:\/\/volkerontour.de\/?p=45888\">Weiterlesen <span class=\"meta-nav\">&rarr;<\/span><\/a><\/p>\n","protected":false},"author":3,"featured_media":0,"comment_status":"closed","ping_status":"closed","sticky":false,"template":"","format":"standard","meta":{"footnotes":""},"categories":[65],"tags":[],"class_list":["post-45888","post","type-post","status-publish","format-standard","hentry","category-saudi-arabien-2025"],"_links":{"self":[{"href":"https:\/\/volkerontour.de\/index.php?rest_route=\/wp\/v2\/posts\/45888","targetHints":{"allow":["GET"]}}],"collection":[{"href":"https:\/\/volkerontour.de\/index.php?rest_route=\/wp\/v2\/posts"}],"about":[{"href":"https:\/\/volkerontour.de\/index.php?rest_route=\/wp\/v2\/types\/post"}],"author":[{"embeddable":true,"href":"https:\/\/volkerontour.de\/index.php?rest_route=\/wp\/v2\/users\/3"}],"replies":[{"embeddable":true,"href":"https:\/\/volkerontour.de\/index.php?rest_route=%2Fwp%2Fv2%2Fcomments&post=45888"}],"version-history":[{"count":1,"href":"https:\/\/volkerontour.de\/index.php?rest_route=\/wp\/v2\/posts\/45888\/revisions"}],"predecessor-version":[{"id":45889,"href":"https:\/\/volkerontour.de\/index.php?rest_route=\/wp\/v2\/posts\/45888\/revisions\/45889"}],"wp:attachment":[{"href":"https:\/\/volkerontour.de\/index.php?rest_route=%2Fwp%2Fv2%2Fmedia&parent=45888"}],"wp:term":[{"taxonomy":"category","embeddable":true,"href":"https:\/\/volkerontour.de\/index.php?rest_route=%2Fwp%2Fv2%2Fcategories&post=45888"},{"taxonomy":"post_tag","embeddable":true,"href":"https:\/\/volkerontour.de\/index.php?rest_route=%2Fwp%2Fv2%2Ftags&post=45888"}],"curies":[{"name":"wp","href":"https:\/\/api.w.org\/{rel}","templated":true}]}}