{"id":465,"date":"2012-08-02T05:33:53","date_gmt":"2012-08-02T05:33:53","guid":{"rendered":"http:\/\/volkerontour.de\/?p=465"},"modified":"2012-08-02T05:33:53","modified_gmt":"2012-08-02T05:33:53","slug":"tag-11-la-paz-death-road","status":"publish","type":"post","link":"https:\/\/volkerontour.de\/?p=465","title":{"rendered":"Tag 11: La Paz: Death Road"},"content":{"rendered":"<p>Wir schreiben den 01.08.2012. Ein unerschrockener, und zu allem bereiter ambitionierter Hobbyradfahrer wagt eine weitere Herausforderung\u2026 <\/p>\n<p>Die Fakten<\/p>\n<p>&#8211; Death Road (Todestrasse) in La Paz: eine der beliebtesten Downhill- Mountainbikestrecken der Welt<\/p>\n<p>&#8211; Anfangs Asphalt, sp\u00e4ter durch Gel\u00e4nde aller Art.<\/p>\n<p>&#8211; H\u00f6he \u00fcber Meeresspiegel beim Start: 4640m. H\u00f6he am Ziel im Dschungel: 1295m<\/p>\n<p>&#8211; H\u00f6hendifferenz zwischen Start und Ziel: 3345m (!!!)<\/p>\n<p>&#8211; Gesamtl\u00e4nge der zur\u00fcckzulegenden Strecke: 64km<\/p>\n<p>Unglaublich, aber wahr\u2026 ich bin mal wieder Fahrrad gefahren, und das nicht irgendwo, sondern auf einer der ber\u00fchmtesten und gef\u00fcrchtetsten Mountainbike-Abfahrtsstrecken der Welt. Schon am ersten Tag meines Aufenthaltes in La Paz bin ich auf diese Tour aufmerksam geworden\u2026 da hatte ich aber kein Interesse, weil Fahrradfahren ja mal so gar nicht mein Ding ist. Als heute, am letzten gemeinsamen Tag mit der \u201calten\u201d Gruppe, fast alle dieses Event in Angriff nahmen, hab ich kurz \u00fcberlegt und mich dann noch von Karina \u00fcberzeugen lassen: \u201cYou have to do it, Wolker! Leaving La Paz without seeing the death road is impossible!\u201d<\/p>\n<p>Nun gut, ich war dabei\u2026Die Death Road ist aufgrund ihrer L\u00e4nge (64km), des grossen zu \u00fcberwindenden H\u00f6henunterschiedes (3345m) und der verschiedenen Bedingungen (Untergrund, Wetter usw.) bei vielen Mountainbikern sehr beliebt, aber auch gef\u00fcrchtet (immer wieder verletzten sich sich zu \u00fcberm\u00fctige Touristen, oder sterben gar). Man startet bei eisigen Temperaturen auf einer H\u00f6he von 4640m, f\u00e4hrt \u00fcber Asphaltwege, unbefestigte Strassen, sp\u00e4ter durch den Dschungel, durch Wasserf\u00e4lle, B\u00e4che, an Klippen entlang usw\u2026 Die Strecke ist abwechslungsreich, anspruchsvoll und landschaftlich einfach der Hammer, wie die folgenden Bilder hoffentlich wiedergeben.<\/p>\n<p>Eins noch vorweg f\u00fcr meine Eltern: Ich hatte jederzeit mein Fahrrad unter Kontrolle, bin nie zu schnell gefahren\u2026 Die Fotos vom Bike aus hat ein Guide gemacht, und nicht ich\u2026 also alles im gr\u00fcnen Bereich! <img decoding=\"async\" style=\"border-bottom-style: none; border-left-style: none; border-top-style: none; border-right-style: none\" class=\"wlEmoticon wlEmoticon-smile\" alt=\"Smiley\" src=\"https:\/\/volkerontour.de\/wp-content\/uploads\/2012\/08\/wlEmoticon-smile1.png\"><\/p>\n<p>Aber mal wieder von vorne: Nach einem kurzen, hektischen Fr\u00fchst\u00fcck ging es los zum Veranstalter \u201cMadness\u201d. Dort wurden erstmal Klamotten, Helm und Handschuhe verteilt\u2026 Ab in den Bus Richtung Start\u2026<\/p>\n<p><a href=\"https:\/\/volkerontour.de\/wp-content\/uploads\/2012\/08\/DSC00970.jpg\"><img loading=\"lazy\" decoding=\"async\" style=\"background-image: none; border-bottom: 0px; border-left: 0px; padding-left: 0px; padding-right: 0px; display: inline; border-top: 0px; border-right: 0px; padding-top: 0px\" title=\"DSC00970\" border=\"0\" alt=\"DSC00970\" src=\"https:\/\/volkerontour.de\/wp-content\/uploads\/2012\/08\/DSC00970_thumb.jpg\" width=\"244\" height=\"184\"><\/a>&nbsp;<a href=\"https:\/\/volkerontour.de\/wp-content\/uploads\/2012\/08\/DSC00971.jpg\"><img loading=\"lazy\" decoding=\"async\" style=\"background-image: none; border-bottom: 0px; border-left: 0px; padding-left: 0px; padding-right: 0px; display: inline; border-top: 0px; border-right: 0px; padding-top: 0px\" title=\"DSC00971\" border=\"0\" alt=\"DSC00971\" src=\"https:\/\/volkerontour.de\/wp-content\/uploads\/2012\/08\/DSC00971_thumb.jpg\" width=\"244\" height=\"184\"><\/a><\/p>\n<p>Oben angekommen wurden dann die Bikes verteilt und ein paar Proberunden gedreht\u2026 Nat\u00fcrlich war es auf dieser H\u00f6he mal wieder saukalt, und meine vier Standardschichten an Klamotten waren mehr als notwendig!<\/p>\n<p><a href=\"https:\/\/volkerontour.de\/wp-content\/uploads\/2012\/08\/DSC00973.jpg\"><img loading=\"lazy\" decoding=\"async\" style=\"background-image: none; border-bottom: 0px; border-left: 0px; padding-left: 0px; padding-right: 0px; display: inline; border-top: 0px; border-right: 0px; padding-top: 0px\" title=\"DSC00973\" border=\"0\" alt=\"DSC00973\" src=\"https:\/\/volkerontour.de\/wp-content\/uploads\/2012\/08\/DSC00973_thumb.jpg\" width=\"244\" height=\"184\"><\/a>&nbsp;<a href=\"https:\/\/volkerontour.de\/wp-content\/uploads\/2012\/08\/DSC00978.jpg\"><img loading=\"lazy\" decoding=\"async\" style=\"background-image: none; border-bottom: 0px; border-left: 0px; padding-left: 0px; padding-right: 0px; display: inline; border-top: 0px; border-right: 0px; padding-top: 0px\" title=\"DSC00978\" border=\"0\" alt=\"DSC00978\" src=\"https:\/\/volkerontour.de\/wp-content\/uploads\/2012\/08\/DSC00978_thumb.jpg\" width=\"244\" height=\"184\"><\/a><\/p>\n<p><a href=\"https:\/\/volkerontour.de\/wp-content\/uploads\/2012\/08\/DSC00979.jpg\"><img loading=\"lazy\" decoding=\"async\" style=\"background-image: none; border-bottom: 0px; border-left: 0px; padding-left: 0px; padding-right: 0px; display: inline; border-top: 0px; border-right: 0px; padding-top: 0px\" title=\"DSC00979\" border=\"0\" alt=\"DSC00979\" src=\"https:\/\/volkerontour.de\/wp-content\/uploads\/2012\/08\/DSC00979_thumb.jpg\" width=\"244\" height=\"184\"><\/a>&nbsp;<a href=\"https:\/\/volkerontour.de\/wp-content\/uploads\/2012\/08\/DSC00980.jpg\"><img loading=\"lazy\" decoding=\"async\" style=\"background-image: none; border-bottom: 0px; border-left: 0px; padding-left: 0px; padding-right: 0px; display: inline; border-top: 0px; border-right: 0px; padding-top: 0px\" title=\"DSC00980\" border=\"0\" alt=\"DSC00980\" src=\"https:\/\/volkerontour.de\/wp-content\/uploads\/2012\/08\/DSC00980_thumb.jpg\" width=\"244\" height=\"184\"><\/a><\/p>\n<p>Bevor es losging gab es noch die obligatorischen Sicherheitseinweisungen unserer Guides Juan und Cornelio sowie ein paar Gruppenfotos\u2026<\/p>\n<p><a href=\"https:\/\/volkerontour.de\/wp-content\/uploads\/2012\/08\/P1040322.jpg\"><img loading=\"lazy\" decoding=\"async\" style=\"background-image: none; border-bottom: 0px; border-left: 0px; padding-left: 0px; padding-right: 0px; display: inline; border-top: 0px; border-right: 0px; padding-top: 0px\" title=\"P1040322\" border=\"0\" alt=\"P1040322\" src=\"https:\/\/volkerontour.de\/wp-content\/uploads\/2012\/08\/P1040322_thumb.jpg\" width=\"244\" height=\"184\"><\/a>&nbsp;<a href=\"https:\/\/volkerontour.de\/wp-content\/uploads\/2012\/08\/P1040332.jpg\"><img loading=\"lazy\" decoding=\"async\" style=\"background-image: none; border-bottom: 0px; border-left: 0px; padding-left: 0px; padding-right: 0px; display: inline; border-top: 0px; border-right: 0px; padding-top: 0px\" title=\"P1040332\" border=\"0\" alt=\"P1040332\" src=\"https:\/\/volkerontour.de\/wp-content\/uploads\/2012\/08\/P1040332_thumb.jpg\" width=\"244\" height=\"184\"><\/a><\/p>\n<p>Um die Abfahrt so sicher wie m\u00f6glich zu gestalten wurde uns (vermeintliches) Profimaterial zur Verf\u00fcgung gestellt\u2026 F\u00fchlt sich schon mal interessant an, so ein voll gefedertes Mountainbike\u2026 vor allem f\u00fcr mich als Laien\u2026 <img decoding=\"async\" style=\"border-bottom-style: none; border-left-style: none; border-top-style: none; border-right-style: none\" class=\"wlEmoticon wlEmoticon-smile\" alt=\"Smiley\" src=\"https:\/\/volkerontour.de\/wp-content\/uploads\/2012\/08\/wlEmoticon-smile1.png\"><\/p>\n<p><a href=\"https:\/\/volkerontour.de\/wp-content\/uploads\/2012\/08\/DSC00984.jpg\"><img loading=\"lazy\" decoding=\"async\" style=\"background-image: none; border-bottom: 0px; border-left: 0px; padding-left: 0px; padding-right: 0px; display: inline; border-top: 0px; border-right: 0px; padding-top: 0px\" title=\"DSC00984\" border=\"0\" alt=\"DSC00984\" src=\"https:\/\/volkerontour.de\/wp-content\/uploads\/2012\/08\/DSC00984_thumb.jpg\" width=\"244\" height=\"184\"><\/a><\/p>\n<p>Dann ging los\u2026 der erste Teil der Strecke f\u00fchrte etwa acht Kilometer \u00fcber asphaltierte Strassen. Hier und da stoppten wir kurz (wie wir \u00fcberhaupt regelm\u00e4ssig aller 10-15 Minuten stoppten um Fotos zu machen und die langsameren wieder herankommen zu lassen) um weitere Instruktionen der Guides sowie einen Blick auf die tolle Landschaft bzw. die kommende Strecke zu werfen.<\/p>\n<p><a href=\"https:\/\/volkerontour.de\/wp-content\/uploads\/2012\/08\/P1040333.jpg\"><img loading=\"lazy\" decoding=\"async\" style=\"background-image: none; border-bottom: 0px; border-left: 0px; padding-left: 0px; padding-right: 0px; display: inline; border-top: 0px; border-right: 0px; padding-top: 0px\" title=\"P1040333\" border=\"0\" alt=\"P1040333\" src=\"https:\/\/volkerontour.de\/wp-content\/uploads\/2012\/08\/P1040333_thumb.jpg\" width=\"244\" height=\"139\"><\/a>&nbsp;<a href=\"https:\/\/volkerontour.de\/wp-content\/uploads\/2012\/08\/P1040337.jpg\"><img loading=\"lazy\" decoding=\"async\" style=\"background-image: none; border-bottom: 0px; border-left: 0px; padding-left: 0px; padding-right: 0px; display: inline; border-top: 0px; border-right: 0px; padding-top: 0px\" title=\"P1040337\" border=\"0\" alt=\"P1040337\" src=\"https:\/\/volkerontour.de\/wp-content\/uploads\/2012\/08\/P1040337_thumb.jpg\" width=\"244\" height=\"184\"><\/a><\/p>\n<p><a href=\"https:\/\/volkerontour.de\/wp-content\/uploads\/2012\/08\/DSC00986.jpg\"><img loading=\"lazy\" decoding=\"async\" style=\"background-image: none; border-bottom: 0px; border-left: 0px; padding-left: 0px; padding-right: 0px; display: inline; border-top: 0px; border-right: 0px; padding-top: 0px\" title=\"DSC00986\" border=\"0\" alt=\"DSC00986\" src=\"https:\/\/volkerontour.de\/wp-content\/uploads\/2012\/08\/DSC00986_thumb.jpg\" width=\"244\" height=\"184\"><\/a><\/p>\n<p>Nach den angesprochenen acht Kilometern verliessen wir die Strasse um unsere Abfahrt \u201coffroad\u201d fortzusetzen.<\/p>\n<p><a href=\"https:\/\/volkerontour.de\/wp-content\/uploads\/2012\/08\/DSC00992.jpg\"><img loading=\"lazy\" decoding=\"async\" style=\"background-image: none; border-bottom: 0px; border-left: 0px; padding-left: 0px; padding-right: 0px; display: inline; border-top: 0px; border-right: 0px; padding-top: 0px\" title=\"DSC00992\" border=\"0\" alt=\"DSC00992\" src=\"https:\/\/volkerontour.de\/wp-content\/uploads\/2012\/08\/DSC00992_thumb.jpg\" width=\"244\" height=\"184\"><\/a>&nbsp;<a href=\"https:\/\/volkerontour.de\/wp-content\/uploads\/2012\/08\/DSC00998.jpg\"><img loading=\"lazy\" decoding=\"async\" style=\"background-image: none; border-bottom: 0px; border-left: 0px; padding-left: 0px; padding-right: 0px; display: inline; border-top: 0px; border-right: 0px; padding-top: 0px\" title=\"DSC00998\" border=\"0\" alt=\"DSC00998\" src=\"https:\/\/volkerontour.de\/wp-content\/uploads\/2012\/08\/DSC00998_thumb.jpg\" width=\"244\" height=\"184\"><\/a><\/p>\n<p>Leider ereilte mich kurz nach Beginn der \u201cOffroad\u201d-Passage ein Plattfuss, der aber von der \u201cBoxencrew\u201d Juan und Cornelio schnell behoben werden konnte, so dass ich rasch wieder Anschluss zum Peloton fand <img decoding=\"async\" style=\"border-bottom-style: none; border-left-style: none; border-top-style: none; border-right-style: none\" class=\"wlEmoticon wlEmoticon-smile\" alt=\"Smiley\" src=\"https:\/\/volkerontour.de\/wp-content\/uploads\/2012\/08\/wlEmoticon-smile1.png\">&nbsp;<\/p>\n<p><a href=\"https:\/\/volkerontour.de\/wp-content\/uploads\/2012\/08\/DSC00999.jpg\"><img loading=\"lazy\" decoding=\"async\" style=\"background-image: none; border-bottom: 0px; border-left: 0px; padding-left: 0px; padding-right: 0px; display: inline; border-top: 0px; border-right: 0px; padding-top: 0px\" title=\"DSC00999\" border=\"0\" alt=\"DSC00999\" src=\"https:\/\/volkerontour.de\/wp-content\/uploads\/2012\/08\/DSC00999_thumb.jpg\" width=\"244\" height=\"184\"><\/a>&nbsp;<a href=\"https:\/\/volkerontour.de\/wp-content\/uploads\/2012\/08\/DSC01004.jpg\"><img loading=\"lazy\" decoding=\"async\" style=\"background-image: none; border-bottom: 0px; border-left: 0px; padding-left: 0px; padding-right: 0px; display: inline; border-top: 0px; border-right: 0px; padding-top: 0px\" title=\"DSC01004\" border=\"0\" alt=\"DSC01004\" src=\"https:\/\/volkerontour.de\/wp-content\/uploads\/2012\/08\/DSC01004_thumb.jpg\" width=\"244\" height=\"184\"><\/a><\/p>\n<p>Nun, begann quasi der wirklich einzigartige, und landschaftlich tolle Teil der Abfahrt durch den Dschungel\u2026<\/p>\n<p><a href=\"https:\/\/volkerontour.de\/wp-content\/uploads\/2012\/08\/DSC01000.jpg\"><img loading=\"lazy\" decoding=\"async\" style=\"background-image: none; border-bottom: 0px; border-left: 0px; margin: 0px; padding-left: 0px; padding-right: 0px; display: inline; border-top: 0px; border-right: 0px; padding-top: 0px\" title=\"DSC01000\" border=\"0\" alt=\"DSC01000\" src=\"https:\/\/volkerontour.de\/wp-content\/uploads\/2012\/08\/DSC01000_thumb.jpg\" width=\"244\" height=\"184\"><\/a>&nbsp;<a href=\"https:\/\/volkerontour.de\/wp-content\/uploads\/2012\/08\/DSC01002.jpg\"><img loading=\"lazy\" decoding=\"async\" style=\"background-image: none; border-bottom: 0px; border-left: 0px; padding-left: 0px; padding-right: 0px; display: inline; border-top: 0px; border-right: 0px; padding-top: 0px\" title=\"DSC01002\" border=\"0\" alt=\"DSC01002\" src=\"https:\/\/volkerontour.de\/wp-content\/uploads\/2012\/08\/DSC01002_thumb.jpg\" width=\"244\" height=\"184\"><\/a><\/p>\n<p><a href=\"https:\/\/volkerontour.de\/wp-content\/uploads\/2012\/08\/P1040353.jpg\"><img loading=\"lazy\" decoding=\"async\" style=\"background-image: none; border-bottom: 0px; border-left: 0px; padding-left: 0px; padding-right: 0px; display: inline; border-top: 0px; border-right: 0px; padding-top: 0px\" title=\"P1040353\" border=\"0\" alt=\"P1040353\" src=\"https:\/\/volkerontour.de\/wp-content\/uploads\/2012\/08\/P1040353_thumb.jpg\" width=\"244\" height=\"184\"><\/a>&nbsp;<a href=\"https:\/\/volkerontour.de\/wp-content\/uploads\/2012\/08\/P1040365.jpg\"><img loading=\"lazy\" decoding=\"async\" style=\"background-image: none; border-bottom: 0px; border-left: 0px; padding-left: 0px; padding-right: 0px; display: inline; border-top: 0px; border-right: 0px; padding-top: 0px\" title=\"P1040365\" border=\"0\" alt=\"P1040365\" src=\"https:\/\/volkerontour.de\/wp-content\/uploads\/2012\/08\/P1040365_thumb.jpg\" width=\"244\" height=\"184\"><\/a><\/p>\n<p>An manchen Stellen waren die Wege wirklich sehr eng und es ging direkt am Strassenrand ordentlich bergab, aber man wurde regelm\u00e4ssig vom Guide auf eventuelle Gefahrenstellen hingewiesen und zur richtigen Fahrweise aufgerufen\u2026.<\/p>\n<p><a href=\"https:\/\/volkerontour.de\/wp-content\/uploads\/2012\/08\/DSC01007.jpg\"><img loading=\"lazy\" decoding=\"async\" style=\"background-image: none; border-bottom: 0px; border-left: 0px; padding-left: 0px; padding-right: 0px; display: inline; border-top: 0px; border-right: 0px; padding-top: 0px\" title=\"DSC01007\" border=\"0\" alt=\"DSC01007\" src=\"https:\/\/volkerontour.de\/wp-content\/uploads\/2012\/08\/DSC01007_thumb.jpg\" width=\"244\" height=\"184\"><\/a>&nbsp;<a href=\"https:\/\/volkerontour.de\/wp-content\/uploads\/2012\/08\/DSC01012.jpg\"><img loading=\"lazy\" decoding=\"async\" style=\"background-image: none; border-bottom: 0px; border-left: 0px; padding-left: 0px; padding-right: 0px; display: inline; border-top: 0px; border-right: 0px; padding-top: 0px\" title=\"DSC01012\" border=\"0\" alt=\"DSC01012\" src=\"https:\/\/volkerontour.de\/wp-content\/uploads\/2012\/08\/DSC01012_thumb.jpg\" width=\"184\" height=\"244\"><\/a><\/p>\n<p><a href=\"https:\/\/volkerontour.de\/wp-content\/uploads\/2012\/08\/DSC01017.jpg\"><img loading=\"lazy\" decoding=\"async\" style=\"background-image: none; border-bottom: 0px; border-left: 0px; padding-left: 0px; padding-right: 0px; display: inline; border-top: 0px; border-right: 0px; padding-top: 0px\" title=\"DSC01017\" border=\"0\" alt=\"DSC01017\" src=\"https:\/\/volkerontour.de\/wp-content\/uploads\/2012\/08\/DSC01017_thumb.jpg\" width=\"244\" height=\"184\"><\/a>&nbsp;<a href=\"https:\/\/volkerontour.de\/wp-content\/uploads\/2012\/08\/DSC01008.jpg\"><img loading=\"lazy\" decoding=\"async\" style=\"background-image: none; border-bottom: 0px; border-left: 0px; padding-left: 0px; padding-right: 0px; display: inline; border-top: 0px; border-right: 0px; padding-top: 0px\" title=\"DSC01008\" border=\"0\" alt=\"DSC01008\" src=\"https:\/\/volkerontour.de\/wp-content\/uploads\/2012\/08\/DSC01008_thumb.jpg\" width=\"244\" height=\"184\"><\/a><\/p>\n<p>Beim Start auf 4640m H\u00f6he hatte es noch Temperaturen um den Gefrierpunkt. Je tiefer wir kamen umso w\u00e4rmer wurde es dann. Gl\u00fccklicherweise war unser \u201cTeamfahrzeug\u201d stets hinter uns, so dass wir in den Pausen auch die ein oder andere Kleidungsschicht ablegen konnten\u2026 Zu solchen Zeitpunkten war auch immer mal wieder ein Blick in die sch\u00f6ne Landschaft f\u00e4llig <img decoding=\"async\" style=\"border-bottom-style: none; border-left-style: none; border-top-style: none; border-right-style: none\" class=\"wlEmoticon wlEmoticon-smile\" alt=\"Smiley\" src=\"https:\/\/volkerontour.de\/wp-content\/uploads\/2012\/08\/wlEmoticon-smile1.png\"><\/p>\n<p><a href=\"https:\/\/volkerontour.de\/wp-content\/uploads\/2012\/08\/DSC01013.jpg\"><img loading=\"lazy\" decoding=\"async\" style=\"background-image: none; border-bottom: 0px; border-left: 0px; padding-left: 0px; padding-right: 0px; display: inline; border-top: 0px; border-right: 0px; padding-top: 0px\" title=\"DSC01013\" border=\"0\" alt=\"DSC01013\" src=\"https:\/\/volkerontour.de\/wp-content\/uploads\/2012\/08\/DSC01013_thumb.jpg\" width=\"184\" height=\"244\"><\/a>&nbsp;<a href=\"https:\/\/volkerontour.de\/wp-content\/uploads\/2012\/08\/DSC01020.jpg\"><img loading=\"lazy\" decoding=\"async\" style=\"background-image: none; border-bottom: 0px; border-left: 0px; padding-left: 0px; padding-right: 0px; display: inline; border-top: 0px; border-right: 0px; padding-top: 0px\" title=\"DSC01020\" border=\"0\" alt=\"DSC01020\" src=\"https:\/\/volkerontour.de\/wp-content\/uploads\/2012\/08\/DSC01020_thumb.jpg\" width=\"244\" height=\"184\"><\/a><\/p>\n<p><a href=\"https:\/\/volkerontour.de\/wp-content\/uploads\/2012\/08\/DSC01023.jpg\"><img loading=\"lazy\" decoding=\"async\" style=\"background-image: none; border-bottom: 0px; border-left: 0px; margin: 0px; padding-left: 0px; padding-right: 0px; display: inline; border-top: 0px; border-right: 0px; padding-top: 0px\" title=\"DSC01023\" border=\"0\" alt=\"DSC01023\" src=\"https:\/\/volkerontour.de\/wp-content\/uploads\/2012\/08\/DSC01023_thumb.jpg\" width=\"244\" height=\"184\"><\/a>&nbsp;<a href=\"https:\/\/volkerontour.de\/wp-content\/uploads\/2012\/08\/DSC01026.jpg\"><img loading=\"lazy\" decoding=\"async\" style=\"background-image: none; border-bottom: 0px; border-left: 0px; padding-left: 0px; padding-right: 0px; display: inline; border-top: 0px; border-right: 0px; padding-top: 0px\" title=\"DSC01026\" border=\"0\" alt=\"DSC01026\" src=\"https:\/\/volkerontour.de\/wp-content\/uploads\/2012\/08\/DSC01026_thumb.jpg\" width=\"244\" height=\"184\"><\/a><\/p>\n<p>Inklusive aller Pausen hatten dann nach fast vier Stunden alle unverletzt und sturzfrei das Ziel mitten im Dschungel auf etwa 1200m H\u00f6he erreicht und liessen sich ein kaltes Getr\u00e4nk schmecken\u2026<\/p>\n<p><a href=\"https:\/\/volkerontour.de\/wp-content\/uploads\/2012\/08\/DSC01027.jpg\"><img loading=\"lazy\" decoding=\"async\" style=\"background-image: none; border-bottom: 0px; border-left: 0px; padding-left: 0px; padding-right: 0px; display: inline; border-top: 0px; border-right: 0px; padding-top: 0px\" title=\"DSC01027\" border=\"0\" alt=\"DSC01027\" src=\"https:\/\/volkerontour.de\/wp-content\/uploads\/2012\/08\/DSC01027_thumb.jpg\" width=\"244\" height=\"184\"><\/a><\/p>\n<p>Unser Mittagessen nahmen wir dann ein paar Kilometer weiter in einem kleinen Restaurant ein. Wer Lust hatte konnte sich auch im sehr netten dazugeh\u00f6rigen Pool erfrischen <img decoding=\"async\" style=\"border-bottom-style: none; border-left-style: none; border-top-style: none; border-right-style: none\" class=\"wlEmoticon wlEmoticon-smile\" alt=\"Smiley\" src=\"https:\/\/volkerontour.de\/wp-content\/uploads\/2012\/08\/wlEmoticon-smile1.png\"><\/p>\n<p><a href=\"https:\/\/volkerontour.de\/wp-content\/uploads\/2012\/08\/DSC01029.jpg\"><img loading=\"lazy\" decoding=\"async\" style=\"background-image: none; border-bottom: 0px; border-left: 0px; padding-left: 0px; padding-right: 0px; display: inline; border-top: 0px; border-right: 0px; padding-top: 0px\" title=\"DSC01029\" border=\"0\" alt=\"DSC01029\" src=\"https:\/\/volkerontour.de\/wp-content\/uploads\/2012\/08\/DSC01029_thumb.jpg\" width=\"244\" height=\"184\"><\/a>&nbsp;<a href=\"https:\/\/volkerontour.de\/wp-content\/uploads\/2012\/08\/DSC010301.jpg\"><img loading=\"lazy\" decoding=\"async\" style=\"background-image: none; border-bottom: 0px; border-left: 0px; padding-left: 0px; padding-right: 0px; display: inline; border-top: 0px; border-right: 0px; padding-top: 0px\" title=\"DSC01030\" border=\"0\" alt=\"DSC01030\" src=\"https:\/\/volkerontour.de\/wp-content\/uploads\/2012\/08\/DSC01030_thumb.jpg\" width=\"244\" height=\"184\"><\/a><\/p>\n<p>Fazit, dieses wirklich einmaligen Ausfluges: Fahrradfahren kann wirklich witzig sein, solange man nicht zu oft in die Pedale treten muss <img decoding=\"async\" style=\"border-bottom-style: none; border-left-style: none; border-top-style: none; border-right-style: none\" class=\"wlEmoticon wlEmoticon-openmouthedsmile\" alt=\"Smiley mit ge&ouml;ffnetem Mund\" src=\"https:\/\/volkerontour.de\/wp-content\/uploads\/2012\/08\/wlEmoticon-openmouthedsmile1.png\"><\/p>\n<p>Nach der dreist\u00fcndigen Heimfahrt trafen wir (die \u00fcbrig gebliebenen Bolivianer, die noch mit bis nach Lima kommen) auf unsere neue Gruppe. Vier Australier, eine Waliserin und zwei Italiener werden ab sofort unsere Gruppe \u201cverst\u00e4rken\u201d, Machen bisher alle ebenfalls einen netten Eindruck! Und in den ganzen 31 Tagen kein Deutscher ausser mir\u2026 h\u00e4tte ich auch nicht gedacht\u2026<\/p>\n<p>Das Abendessen nahm ich direkt neben dem Hotel beim Italiener noch einmal mit den Leuten der Boliviengruppe ein. War wirklich ne sch\u00f6ne Zeit und ne homogene Gruppe, ohne Streitereien oder andere Unannehmlichkeiten\u2026 <\/p>\n<p><a href=\"https:\/\/volkerontour.de\/wp-content\/uploads\/2012\/08\/DSC01033.jpg\"><img loading=\"lazy\" decoding=\"async\" style=\"background-image: none; border-bottom: 0px; border-left: 0px; padding-left: 0px; padding-right: 0px; display: inline; border-top: 0px; border-right: 0px; padding-top: 0px\" title=\"DSC01033\" border=\"0\" alt=\"DSC01033\" src=\"https:\/\/volkerontour.de\/wp-content\/uploads\/2012\/08\/DSC01033_thumb.jpg\" width=\"244\" height=\"184\"><\/a>&nbsp;<a href=\"https:\/\/volkerontour.de\/wp-content\/uploads\/2012\/08\/DSC01035.jpg\"><img loading=\"lazy\" decoding=\"async\" style=\"background-image: none; border-bottom: 0px; border-left: 0px; padding-left: 0px; padding-right: 0px; display: inline; border-top: 0px; border-right: 0px; padding-top: 0px\" title=\"DSC01035\" border=\"0\" alt=\"DSC01035\" src=\"https:\/\/volkerontour.de\/wp-content\/uploads\/2012\/08\/DSC01035_thumb.jpg\" width=\"244\" height=\"184\"><\/a><\/p>\n<p><a href=\"https:\/\/volkerontour.de\/wp-content\/uploads\/2012\/08\/DSC01034.jpg\"><img loading=\"lazy\" decoding=\"async\" style=\"background-image: none; border-bottom: 0px; border-left: 0px; padding-left: 0px; padding-right: 0px; display: inline; border-top: 0px; border-right: 0px; padding-top: 0px\" title=\"DSC01034\" border=\"0\" alt=\"DSC01034\" src=\"https:\/\/volkerontour.de\/wp-content\/uploads\/2012\/08\/DSC01034_thumb.jpg\" width=\"244\" height=\"184\"><\/a><\/p>\n<p>Morgen fr\u00fch gehts dann nach Peru wo wir unseren neuen Guide kennenlernen\u2026 Ruben heisst er, so viel wissen wir schonmal\u2026 ansonsten lassen wir uns mal \u00fcberraschen <img decoding=\"async\" style=\"border-bottom-style: none; border-left-style: none; border-top-style: none; border-right-style: none\" class=\"wlEmoticon wlEmoticon-smile\" alt=\"Smiley\" src=\"https:\/\/volkerontour.de\/wp-content\/uploads\/2012\/08\/wlEmoticon-smile1.png\"> Bolivien war schon super, ich bin gespannt, was in Peru auf die anderen und mich wartet\u2026<\/p>\n<p>Ps.: Vielen Dank f\u00fcr Eure vielen Mails und das g\u00e4nzlich positive Feedback zu meinem Blog. Ich finde es super, dass mich so viele Leute bei meiner Reise begleiten. Ich hoffe, ich habe auch in den n\u00e4chsten 20 Tagen die M\u00f6glichkeit so oft wie bisher zu bloggen. Bitte seid mir nicht zu b\u00f6se wenn ich nicht jede Mail gleich beantworte. Hier ist jeden Tag was los und oft komme ich auch erst sp\u00e4t ins Hotel\u2026 Trotzdem freue ich mich nat\u00fcrlich \u00fcber jede Nachricht aus Deutschland!<\/p>\n<p>Pps.: I SURVIVED DEATH ROAD!!!!!!<\/p>\n<p><a href=\"https:\/\/volkerontour.de\/wp-content\/uploads\/2012\/08\/DSC01032.jpg\"><img loading=\"lazy\" decoding=\"async\" style=\"background-image: none; border-bottom: 0px; border-left: 0px; padding-left: 0px; padding-right: 0px; display: inline; border-top: 0px; border-right: 0px; padding-top: 0px\" title=\"DSC01032\" border=\"0\" alt=\"DSC01032\" src=\"https:\/\/volkerontour.de\/wp-content\/uploads\/2012\/08\/DSC01032_thumb.jpg\" width=\"244\" height=\"184\"><\/a><\/p>\n","protected":false},"excerpt":{"rendered":"<p>Wir schreiben den 01.08.2012. Ein unerschrockener, und zu allem bereiter ambitionierter Hobbyradfahrer wagt eine weitere Herausforderung\u2026 Die Fakten &#8211; Death Road (Todestrasse) in La Paz: eine der beliebtesten Downhill- Mountainbikestrecken der Welt &#8211; Anfangs Asphalt, sp\u00e4ter durch Gel\u00e4nde aller Art. &hellip; <a href=\"https:\/\/volkerontour.de\/?p=465\">Weiterlesen <span class=\"meta-nav\">&rarr;<\/span><\/a><\/p>\n","protected":false},"author":3,"featured_media":0,"comment_status":"closed","ping_status":"open","sticky":false,"template":"","format":"standard","meta":{"footnotes":""},"categories":[1],"tags":[],"class_list":["post-465","post","type-post","status-publish","format-standard","hentry","category-uncategorized"],"_links":{"self":[{"href":"https:\/\/volkerontour.de\/index.php?rest_route=\/wp\/v2\/posts\/465","targetHints":{"allow":["GET"]}}],"collection":[{"href":"https:\/\/volkerontour.de\/index.php?rest_route=\/wp\/v2\/posts"}],"about":[{"href":"https:\/\/volkerontour.de\/index.php?rest_route=\/wp\/v2\/types\/post"}],"author":[{"embeddable":true,"href":"https:\/\/volkerontour.de\/index.php?rest_route=\/wp\/v2\/users\/3"}],"replies":[{"embeddable":true,"href":"https:\/\/volkerontour.de\/index.php?rest_route=%2Fwp%2Fv2%2Fcomments&post=465"}],"version-history":[{"count":0,"href":"https:\/\/volkerontour.de\/index.php?rest_route=\/wp\/v2\/posts\/465\/revisions"}],"wp:attachment":[{"href":"https:\/\/volkerontour.de\/index.php?rest_route=%2Fwp%2Fv2%2Fmedia&parent=465"}],"wp:term":[{"taxonomy":"category","embeddable":true,"href":"https:\/\/volkerontour.de\/index.php?rest_route=%2Fwp%2Fv2%2Fcategories&post=465"},{"taxonomy":"post_tag","embeddable":true,"href":"https:\/\/volkerontour.de\/index.php?rest_route=%2Fwp%2Fv2%2Ftags&post=465"}],"curies":[{"name":"wp","href":"https:\/\/api.w.org\/{rel}","templated":true}]}}