{"id":510,"date":"2012-08-03T04:31:12","date_gmt":"2012-08-03T04:31:12","guid":{"rendered":"http:\/\/volkerontour.de\/?p=510"},"modified":"2012-08-03T04:31:12","modified_gmt":"2012-08-03T04:31:12","slug":"tag-12-adios-bolivia-buenos-dias-peru","status":"publish","type":"post","link":"https:\/\/volkerontour.de\/?p=510","title":{"rendered":"Tag 12: Adios Bolivia, Buenos Dias Peru!"},"content":{"rendered":"<p>Donnerstag, 02.08.: Nach dem actionreichen Tag gestern sollte es heute ein wenig ruhiger zugehen. Es stand der Transfer Richtung Peru auf dem Programm. Beim Fr\u00fchst\u00fcck ereilte mich die freudige Nachricht, dass Karina (die eigentlich schon eine andere Gruppe zu betreuen hatte) uns bis zur Grenze nach Peru begleiten w\u00fcrde, wo uns dann unser neuer Guide empfangen sollte\u2026 P\u00fcnktlich um acht Uhr gings dann los mit dem Bus Richtung Peru. Auf dem Weg zur Grenze bekamen wir schon einen ersten von dem was uns in Peru erwarten sollte\u2026 und bald tauchte auch schon der Titicacasee neben uns auf\u2026<\/p>\n<p><a href=\"https:\/\/volkerontour.de\/wp-content\/uploads\/2012\/08\/DSC01044.jpg\"><img loading=\"lazy\" decoding=\"async\" style=\"background-image: none; border-bottom: 0px; border-left: 0px; padding-left: 0px; padding-right: 0px; display: inline; border-top: 0px; border-right: 0px; padding-top: 0px\" title=\"DSC01044\" border=\"0\" alt=\"DSC01044\" src=\"https:\/\/volkerontour.de\/wp-content\/uploads\/2012\/08\/DSC01044_thumb.jpg\" width=\"244\" height=\"184\"><\/a>&nbsp;<a href=\"https:\/\/volkerontour.de\/wp-content\/uploads\/2012\/08\/DSC01045.jpg\"><img loading=\"lazy\" decoding=\"async\" style=\"background-image: none; border-bottom: 0px; border-left: 0px; padding-left: 0px; padding-right: 0px; display: inline; border-top: 0px; border-right: 0px; padding-top: 0px\" title=\"DSC01045\" border=\"0\" alt=\"DSC01045\" src=\"https:\/\/volkerontour.de\/wp-content\/uploads\/2012\/08\/DSC01045_thumb.jpg\" width=\"244\" height=\"184\"><\/a><\/p>\n<p>Nach zwei Stunden Fahrt mit dem Bus brachte uns die F\u00e4hre \u201cHerbert 66\u201d sicher ans andere Ufer des Sees, bevor es mit dem Bus weiter Richtung Peru ging\u2026<\/p>\n<p><a href=\"https:\/\/volkerontour.de\/wp-content\/uploads\/2012\/08\/DSC01060.jpg\"><img loading=\"lazy\" decoding=\"async\" style=\"background-image: none; border-bottom: 0px; border-left: 0px; padding-left: 0px; padding-right: 0px; display: inline; border-top: 0px; border-right: 0px; padding-top: 0px\" title=\"DSC01060\" border=\"0\" alt=\"DSC01060\" src=\"https:\/\/volkerontour.de\/wp-content\/uploads\/2012\/08\/DSC01060_thumb.jpg\" width=\"244\" height=\"184\"><\/a>&nbsp;<a href=\"https:\/\/volkerontour.de\/wp-content\/uploads\/2012\/08\/DSC01058.jpg\"><img loading=\"lazy\" decoding=\"async\" style=\"background-image: none; border-bottom: 0px; border-left: 0px; padding-left: 0px; padding-right: 0px; display: inline; border-top: 0px; border-right: 0px; padding-top: 0px\" title=\"DSC01058\" border=\"0\" alt=\"DSC01058\" src=\"https:\/\/volkerontour.de\/wp-content\/uploads\/2012\/08\/DSC01058_thumb.jpg\" width=\"244\" height=\"184\"><\/a><\/p>\n<p><a href=\"https:\/\/volkerontour.de\/wp-content\/uploads\/2012\/08\/DSC01056.jpg\"><img loading=\"lazy\" decoding=\"async\" style=\"background-image: none; border-bottom: 0px; border-left: 0px; padding-left: 0px; padding-right: 0px; display: inline; border-top: 0px; border-right: 0px; padding-top: 0px\" title=\"DSC01056\" border=\"0\" alt=\"DSC01056\" src=\"https:\/\/volkerontour.de\/wp-content\/uploads\/2012\/08\/DSC01056_thumb.jpg\" width=\"244\" height=\"184\"><\/a>&nbsp;<a href=\"https:\/\/volkerontour.de\/wp-content\/uploads\/2012\/08\/DSC01057.jpg\"><img loading=\"lazy\" decoding=\"async\" style=\"background-image: none; border-bottom: 0px; border-left: 0px; padding-left: 0px; padding-right: 0px; display: inline; border-top: 0px; border-right: 0px; padding-top: 0px\" title=\"DSC01057\" border=\"0\" alt=\"DSC01057\" src=\"https:\/\/volkerontour.de\/wp-content\/uploads\/2012\/08\/DSC01057_thumb.jpg\" width=\"244\" height=\"184\"><\/a><\/p>\n<p>Der Weg bis zur Grenze f\u00fchrte dann direkt am Ufer des Titicacasees entlang\u2026<\/p>\n<p><a href=\"https:\/\/volkerontour.de\/wp-content\/uploads\/2012\/08\/DSC01064.jpg\"><img loading=\"lazy\" decoding=\"async\" style=\"background-image: none; border-bottom: 0px; border-left: 0px; padding-left: 0px; padding-right: 0px; display: inline; border-top: 0px; border-right: 0px; padding-top: 0px\" title=\"DSC01064\" border=\"0\" alt=\"DSC01064\" src=\"https:\/\/volkerontour.de\/wp-content\/uploads\/2012\/08\/DSC01064_thumb.jpg\" width=\"244\" height=\"184\"><\/a>&nbsp;<a href=\"https:\/\/volkerontour.de\/wp-content\/uploads\/2012\/08\/DSC01068.jpg\"><img loading=\"lazy\" decoding=\"async\" style=\"background-image: none; border-bottom: 0px; border-left: 0px; padding-left: 0px; padding-right: 0px; display: inline; border-top: 0px; border-right: 0px; padding-top: 0px\" title=\"DSC01068\" border=\"0\" alt=\"DSC01068\" src=\"https:\/\/volkerontour.de\/wp-content\/uploads\/2012\/08\/DSC01068_thumb.jpg\" width=\"244\" height=\"184\"><\/a><\/p>\n<p>Einen kurzen Zwischenstopp legten wir dann in Copacabana ein, einem kleinen und sehr netten \u00d6rtchen, direkt am Ufer\u2026 Leider hatten wir nur kurz Zeit zum Mittagessen\u2026 und sahen so nur wenig von dem Ort\u2026<\/p>\n<p><a href=\"https:\/\/volkerontour.de\/wp-content\/uploads\/2012\/08\/DSC01072.jpg\"><img loading=\"lazy\" decoding=\"async\" style=\"background-image: none; border-bottom: 0px; border-left: 0px; margin: 0px; padding-left: 0px; padding-right: 0px; display: inline; border-top: 0px; border-right: 0px; padding-top: 0px\" title=\"DSC01072\" border=\"0\" alt=\"DSC01072\" src=\"https:\/\/volkerontour.de\/wp-content\/uploads\/2012\/08\/DSC01072_thumb.jpg\" width=\"244\" height=\"184\"><\/a>&nbsp;<a href=\"https:\/\/volkerontour.de\/wp-content\/uploads\/2012\/08\/DSC01075.jpg\"><img loading=\"lazy\" decoding=\"async\" style=\"background-image: none; border-bottom: 0px; border-left: 0px; padding-left: 0px; padding-right: 0px; display: inline; border-top: 0px; border-right: 0px; padding-top: 0px\" title=\"DSC01075\" border=\"0\" alt=\"DSC01075\" src=\"https:\/\/volkerontour.de\/wp-content\/uploads\/2012\/08\/DSC01075_thumb.jpg\" width=\"184\" height=\"244\"><\/a><\/p>\n<p>Ich nutze das Mittagessen mal wieder zu einem kleinen Gruppenfoto\u2026 Waren ja ein paar Neue dabei\u2026<\/p>\n<p><a href=\"https:\/\/volkerontour.de\/wp-content\/uploads\/2012\/08\/DSC01073.jpg\"><img loading=\"lazy\" decoding=\"async\" style=\"background-image: none; border-bottom: 0px; border-left: 0px; padding-left: 0px; padding-right: 0px; display: inline; border-top: 0px; border-right: 0px; padding-top: 0px\" title=\"DSC01073\" border=\"0\" alt=\"DSC01073\" src=\"https:\/\/volkerontour.de\/wp-content\/uploads\/2012\/08\/DSC01073_thumb.jpg\" width=\"244\" height=\"184\"><\/a><\/p>\n<p>Ich fange mal wieder vorne links an und kreise dann um den Tisch bis nach vorne rechts\u2026 aaaaaaaaaaalsooooooooo:<\/p>\n<p>Collin aus England (schon bekannt, mein neuer Zimmerkollege), Genevieve (genannt Gen) aus Australien, Michelle aus Australien, Jeanine aus der Schweiz (schon bekannt), Tina aus Norwegen (schon bekannt), Anita und Shankar (genannt Shanks) aus Australien, Sabrina und Diego aus Italien, Carmila aus Norwegen (schon bekannt), Karina (Guide), Hanna und Anna aus Neuseeland (schon bekannt), Anusha (genannt Nush) aus Wales.<\/p>\n<p>Das Durchschnittsalter ist ein kleines bisschen gestiegen und die Charaktere sind vielf\u00e4ltiger als in der letzten Gruppe. Bisher ist mein Eindruck aber wirklich sehr positiv. Auch die neuen haben sich schnell integriert, sind weltoffen und interessiert\u2026<\/p>\n<p>Kurz nach 14 Uhr bolivianischer Zeit \u00fcberquerten wir zu Fuss die Grenze, betraten also peruanischen Boden und stellten die Uhr eine Stunde zur\u00fcck (ab sofort bin ich also sieben Stunden hinter der CET zur\u00fcck!).<\/p>\n<p><a href=\"https:\/\/volkerontour.de\/wp-content\/uploads\/2012\/08\/DSC01076.jpg\"><img loading=\"lazy\" decoding=\"async\" style=\"background-image: none; border-bottom: 0px; border-left: 0px; padding-left: 0px; padding-right: 0px; display: inline; border-top: 0px; border-right: 0px; padding-top: 0px\" title=\"DSC01076\" border=\"0\" alt=\"DSC01076\" src=\"https:\/\/volkerontour.de\/wp-content\/uploads\/2012\/08\/DSC01076_thumb.jpg\" width=\"244\" height=\"184\"><\/a>&nbsp;<a href=\"https:\/\/volkerontour.de\/wp-content\/uploads\/2012\/08\/DSC01081.jpg\"><img loading=\"lazy\" decoding=\"async\" style=\"background-image: none; border-bottom: 0px; border-left: 0px; padding-left: 0px; padding-right: 0px; display: inline; border-top: 0px; border-right: 0px; padding-top: 0px\" title=\"DSC01081\" border=\"0\" alt=\"DSC01081\" src=\"https:\/\/volkerontour.de\/wp-content\/uploads\/2012\/08\/DSC01081_thumb.jpg\" width=\"244\" height=\"184\"><\/a><\/p>\n<p>Kurz vorher hiess es dann auch (nun unwiderruflich) Adios Karina und Buenos Diaz Ruben (genannt Rrrrrrrrrrrrrrrrrrrruben). Erster Eindruck war ebenfalls sehr positiv\u2026 lockerer Typ, aus Peru stammend und seit \u00fcber vier Jahren diese Tour begleitend\u2026<\/p>\n<p><a href=\"https:\/\/volkerontour.de\/wp-content\/uploads\/2012\/08\/DSC01055.jpg\"><img loading=\"lazy\" decoding=\"async\" style=\"background-image: none; border-bottom: 0px; border-left: 0px; padding-left: 0px; padding-right: 0px; display: inline; border-top: 0px; border-right: 0px; padding-top: 0px\" title=\"DSC01055\" border=\"0\" alt=\"DSC01055\" src=\"https:\/\/volkerontour.de\/wp-content\/uploads\/2012\/08\/DSC01055_thumb.jpg\" width=\"244\" height=\"184\"><\/a>&nbsp;<a href=\"https:\/\/volkerontour.de\/wp-content\/uploads\/2012\/08\/DSC01079.jpg\"><img loading=\"lazy\" decoding=\"async\" style=\"background-image: none; border-bottom: 0px; border-left: 0px; padding-left: 0px; padding-right: 0px; display: inline; border-top: 0px; border-right: 0px; padding-top: 0px\" title=\"DSC01079\" border=\"0\" alt=\"DSC01079\" src=\"https:\/\/volkerontour.de\/wp-content\/uploads\/2012\/08\/DSC01079_thumb.jpg\" width=\"184\" height=\"244\"><\/a><\/p>\n<p>Ein paar erste Eindr\u00fccke aus Peru\u2026<\/p>\n<p><a href=\"https:\/\/volkerontour.de\/wp-content\/uploads\/2012\/08\/DSC01089.jpg\"><img loading=\"lazy\" decoding=\"async\" style=\"background-image: none; border-bottom: 0px; border-left: 0px; padding-left: 0px; padding-right: 0px; display: inline; border-top: 0px; border-right: 0px; padding-top: 0px\" title=\"DSC01089\" border=\"0\" alt=\"DSC01089\" src=\"https:\/\/volkerontour.de\/wp-content\/uploads\/2012\/08\/DSC01089_thumb.jpg\" width=\"244\" height=\"184\"><\/a>&nbsp;<a href=\"https:\/\/volkerontour.de\/wp-content\/uploads\/2012\/08\/DSC01090.jpg\"><img loading=\"lazy\" decoding=\"async\" style=\"background-image: none; border-bottom: 0px; border-left: 0px; padding-left: 0px; padding-right: 0px; display: inline; border-top: 0px; border-right: 0px; padding-top: 0px\" title=\"DSC01090\" border=\"0\" alt=\"DSC01090\" src=\"https:\/\/volkerontour.de\/wp-content\/uploads\/2012\/08\/DSC01090_thumb.jpg\" width=\"244\" height=\"184\"><\/a><\/p>\n<p>Nach weiteren drei Stunden Fahrt erreichten wir Puno, unsere erste Anlaufstelle in Peru. Nach dem Einchecken, einem Briefing mit Rrrrrrrrrrruben \u00fcber die kommende Tour und ein bisschen Freizeit starteten wir dann zu einem kurzen Spaziergang durch die Stadt mit anschliessendem sehr leckeren Abendessen in einer kleinen Lokalit\u00e4t in der Fussg\u00e4ngerzone Punos\u2026 Auf dem R\u00fcckweg gab noch f\u00fcr jeden ein kleines Dessert als \u201cTakeaway\u201d mit, dass dann in der Hotellobby direkt verdr\u00fcckt wurde <img decoding=\"async\" style=\"border-bottom-style: none; border-left-style: none; border-top-style: none; border-right-style: none\" class=\"wlEmoticon wlEmoticon-smile\" alt=\"Smiley\" src=\"https:\/\/volkerontour.de\/wp-content\/uploads\/2012\/08\/wlEmoticon-smile2.png\"><\/p>\n<p><a href=\"https:\/\/volkerontour.de\/wp-content\/uploads\/2012\/08\/DSC01094.jpg\"><img loading=\"lazy\" decoding=\"async\" style=\"background-image: none; border-bottom: 0px; border-left: 0px; padding-left: 0px; padding-right: 0px; display: inline; border-top: 0px; border-right: 0px; padding-top: 0px\" title=\"DSC01094\" border=\"0\" alt=\"DSC01094\" src=\"https:\/\/volkerontour.de\/wp-content\/uploads\/2012\/08\/DSC01094_thumb.jpg\" width=\"244\" height=\"184\"><\/a>&nbsp;<a href=\"https:\/\/volkerontour.de\/wp-content\/uploads\/2012\/08\/DSC01096.jpg\"><img loading=\"lazy\" decoding=\"async\" style=\"background-image: none; border-bottom: 0px; border-left: 0px; padding-left: 0px; padding-right: 0px; display: inline; border-top: 0px; border-right: 0px; padding-top: 0px\" title=\"DSC01096\" border=\"0\" alt=\"DSC01096\" src=\"https:\/\/volkerontour.de\/wp-content\/uploads\/2012\/08\/DSC01096_thumb.jpg\" width=\"244\" height=\"184\"><\/a><\/p>\n<p><a href=\"https:\/\/volkerontour.de\/wp-content\/uploads\/2012\/08\/DSC01098.jpg\"><img loading=\"lazy\" decoding=\"async\" style=\"background-image: none; border-bottom: 0px; border-left: 0px; padding-left: 0px; padding-right: 0px; display: inline; border-top: 0px; border-right: 0px; padding-top: 0px\" title=\"DSC01098\" border=\"0\" alt=\"DSC01098\" src=\"https:\/\/volkerontour.de\/wp-content\/uploads\/2012\/08\/DSC01098_thumb.jpg\" width=\"244\" height=\"184\"><\/a>&nbsp;<a href=\"https:\/\/volkerontour.de\/wp-content\/uploads\/2012\/08\/DSC01099.jpg\"><img loading=\"lazy\" decoding=\"async\" style=\"background-image: none; border-bottom: 0px; border-left: 0px; padding-left: 0px; padding-right: 0px; display: inline; border-top: 0px; border-right: 0px; padding-top: 0px\" title=\"DSC01099\" border=\"0\" alt=\"DSC01099\" src=\"https:\/\/volkerontour.de\/wp-content\/uploads\/2012\/08\/DSC01099_thumb.jpg\" width=\"244\" height=\"184\"><\/a><\/p>\n<p>Die meisten fanden kurz darauf den Weg in ihr Zimmer, da noch f\u00fcr die kommenden beiden Tage gepackt werden musste. Morgen fr\u00fch starten wir zu einer zweit\u00e4gigen Tour zum Titicacasee mit \u00dcbernachtung bei einer Gastfamilie. Hat sich wirklich gut und vielversprechend angeh\u00f6rt, was Ruben \u00fcber das Programm rund um den See erz\u00e4hlte. Ich bin mal gespannt.<\/p>\n<p>Da meine Gastfamilie eher unwahrscheinlicherweise mit einem W-Lan-Hotspot ausgestattet sein wird, werde ich wohl fr\u00fchestens erst wieder \u00fcbermorgen zum Schreiben kommen\u2026 Nat\u00fcrlich werde ich dann aber wieder detailliert und optisch ansprechend alles hier aufarbeiten <img decoding=\"async\" style=\"border-bottom-style: none; border-left-style: none; border-top-style: none; border-right-style: none\" class=\"wlEmoticon wlEmoticon-winkingsmile\" alt=\"Zwinkerndes Smiley\" src=\"https:\/\/volkerontour.de\/wp-content\/uploads\/2012\/08\/wlEmoticon-winkingsmile.png\"><\/p>\n<p>bis dahin und Gr\u00fcsse aus Puno <img decoding=\"async\" style=\"border-bottom-style: none; border-left-style: none; border-top-style: none; border-right-style: none\" class=\"wlEmoticon wlEmoticon-smile\" alt=\"Smiley\" src=\"https:\/\/volkerontour.de\/wp-content\/uploads\/2012\/08\/wlEmoticon-smile2.png\"><\/p>\n","protected":false},"excerpt":{"rendered":"<p>Donnerstag, 02.08.: Nach dem actionreichen Tag gestern sollte es heute ein wenig ruhiger zugehen. Es stand der Transfer Richtung Peru auf dem Programm. Beim Fr\u00fchst\u00fcck ereilte mich die freudige Nachricht, dass Karina (die eigentlich schon eine andere Gruppe zu betreuen &hellip; <a href=\"https:\/\/volkerontour.de\/?p=510\">Weiterlesen <span class=\"meta-nav\">&rarr;<\/span><\/a><\/p>\n","protected":false},"author":3,"featured_media":0,"comment_status":"closed","ping_status":"open","sticky":false,"template":"","format":"standard","meta":{"footnotes":""},"categories":[1],"tags":[],"class_list":["post-510","post","type-post","status-publish","format-standard","hentry","category-uncategorized"],"_links":{"self":[{"href":"https:\/\/volkerontour.de\/index.php?rest_route=\/wp\/v2\/posts\/510","targetHints":{"allow":["GET"]}}],"collection":[{"href":"https:\/\/volkerontour.de\/index.php?rest_route=\/wp\/v2\/posts"}],"about":[{"href":"https:\/\/volkerontour.de\/index.php?rest_route=\/wp\/v2\/types\/post"}],"author":[{"embeddable":true,"href":"https:\/\/volkerontour.de\/index.php?rest_route=\/wp\/v2\/users\/3"}],"replies":[{"embeddable":true,"href":"https:\/\/volkerontour.de\/index.php?rest_route=%2Fwp%2Fv2%2Fcomments&post=510"}],"version-history":[{"count":0,"href":"https:\/\/volkerontour.de\/index.php?rest_route=\/wp\/v2\/posts\/510\/revisions"}],"wp:attachment":[{"href":"https:\/\/volkerontour.de\/index.php?rest_route=%2Fwp%2Fv2%2Fmedia&parent=510"}],"wp:term":[{"taxonomy":"category","embeddable":true,"href":"https:\/\/volkerontour.de\/index.php?rest_route=%2Fwp%2Fv2%2Fcategories&post=510"},{"taxonomy":"post_tag","embeddable":true,"href":"https:\/\/volkerontour.de\/index.php?rest_route=%2Fwp%2Fv2%2Ftags&post=510"}],"curies":[{"name":"wp","href":"https:\/\/api.w.org\/{rel}","templated":true}]}}