{"id":577,"date":"2012-08-05T03:31:39","date_gmt":"2012-08-05T03:31:39","guid":{"rendered":"http:\/\/volkerontour.de\/?p=577"},"modified":"2012-08-05T03:31:39","modified_gmt":"2012-08-05T03:31:39","slug":"tag-13-titicacasee-teil-1","status":"publish","type":"post","link":"https:\/\/volkerontour.de\/?p=577","title":{"rendered":"Tag 13: Titicacasee Teil 1"},"content":{"rendered":"<p>Freitag, 03.08.: Die Tage 13 und 14 sollten wir also (wie im gestrigen Blog angek\u00fcndigt) am bzw. im Titicacasee verbringen. Auf einer H\u00f6he von \u00fcber 3800m gelegen ist der Titicacasee der h\u00f6chstgelegene See der Welt und mit einer Gesamtfl\u00e4che von \u00fcber 8500m\u00b2 auch noch wirklich beachtlich gross. Zwei Tage lang sollten wir also die Gelegenheit haben den See und seine Umgebung n\u00e4her kennenzulernen. Dies beinhaltete auch eine \u00dcbernachtung bei einer Gastfamilie auf einer Insel mitten im See.<\/p>\n<p>P\u00fcnktlich um 7:30 Uhr wurden wir mit typisch peruanischen Verkehrsmitteln am Hotel abgeholt und zum Hafen gebracht\u2026 war sehr komfortabel und unser Fahrer Marcos gab alles\u2026 <img decoding=\"async\" style=\"border-bottom-style: none; border-left-style: none; border-top-style: none; border-right-style: none\" class=\"wlEmoticon wlEmoticon-smile\" alt=\"Smiley\" src=\"https:\/\/volkerontour.de\/wp-content\/uploads\/2012\/08\/wlEmoticon-smile3.png\"><\/p>\n<p><a href=\"https:\/\/volkerontour.de\/wp-content\/uploads\/2012\/08\/DSC01100.jpg\"><img loading=\"lazy\" decoding=\"async\" style=\"background-image: none; border-right-width: 0px; margin: 0px; padding-left: 0px; padding-right: 0px; display: inline; border-top-width: 0px; border-bottom-width: 0px; border-left-width: 0px; padding-top: 0px\" title=\"DSC01100\" border=\"0\" alt=\"DSC01100\" src=\"https:\/\/volkerontour.de\/wp-content\/uploads\/2012\/08\/DSC01100_thumb.jpg\" width=\"184\" height=\"244\"><\/a>&nbsp;<a href=\"https:\/\/volkerontour.de\/wp-content\/uploads\/2012\/08\/DSC01107.jpg\"><img loading=\"lazy\" decoding=\"async\" style=\"background-image: none; border-right-width: 0px; padding-left: 0px; padding-right: 0px; display: inline; border-top-width: 0px; border-bottom-width: 0px; border-left-width: 0px; padding-top: 0px\" title=\"DSC01107\" border=\"0\" alt=\"DSC01107\" src=\"https:\/\/volkerontour.de\/wp-content\/uploads\/2012\/08\/DSC01107_thumb.jpg\" width=\"244\" height=\"184\"><\/a><\/p>\n<p>Unser immer gut gelaunter Guide Rrrrrrrrrrrruben war nat\u00fcrlich auch dabei und legte uns ans Herz unseren Gastfamilien doch ein paar Kleinigkeiten in Form von Lebensmitteln mitzubringen, die wir dann noch schnell am Hafen einkauften.<\/p>\n<p><a href=\"https:\/\/volkerontour.de\/wp-content\/uploads\/2012\/08\/DSC01101.jpg\"><img loading=\"lazy\" decoding=\"async\" style=\"background-image: none; border-right-width: 0px; padding-left: 0px; padding-right: 0px; display: inline; border-top-width: 0px; border-bottom-width: 0px; border-left-width: 0px; padding-top: 0px\" title=\"DSC01101\" border=\"0\" alt=\"DSC01101\" src=\"https:\/\/volkerontour.de\/wp-content\/uploads\/2012\/08\/DSC01101_thumb.jpg\" width=\"184\" height=\"244\"><\/a>&nbsp;<a href=\"https:\/\/volkerontour.de\/wp-content\/uploads\/2012\/08\/DSC01110.jpg\"><img loading=\"lazy\" decoding=\"async\" style=\"background-image: none; border-right-width: 0px; padding-left: 0px; padding-right: 0px; display: inline; border-top-width: 0px; border-bottom-width: 0px; border-left-width: 0px; padding-top: 0px\" title=\"DSC01110\" border=\"0\" alt=\"DSC01110\" src=\"https:\/\/volkerontour.de\/wp-content\/uploads\/2012\/08\/DSC01110_thumb.jpg\" width=\"244\" height=\"184\"><\/a><\/p>\n<p>Noch ein kurzer Blick auf Puno vom Hafen aus und dann gings los.<\/p>\n<p><a href=\"https:\/\/volkerontour.de\/wp-content\/uploads\/2012\/08\/DSC01112.jpg\"><img loading=\"lazy\" decoding=\"async\" style=\"background-image: none; border-right-width: 0px; padding-left: 0px; padding-right: 0px; display: inline; border-top-width: 0px; border-bottom-width: 0px; border-left-width: 0px; padding-top: 0px\" title=\"DSC01112\" border=\"0\" alt=\"DSC01112\" src=\"https:\/\/volkerontour.de\/wp-content\/uploads\/2012\/08\/DSC01112_thumb.jpg\" width=\"244\" height=\"184\"><\/a>&nbsp;<a href=\"https:\/\/volkerontour.de\/wp-content\/uploads\/2012\/08\/DSC01113.jpg\"><img loading=\"lazy\" decoding=\"async\" style=\"background-image: none; border-right-width: 0px; margin: 0px; padding-left: 0px; padding-right: 0px; display: inline; border-top-width: 0px; border-bottom-width: 0px; border-left-width: 0px; padding-top: 0px\" title=\"DSC01113\" border=\"0\" alt=\"DSC01113\" src=\"https:\/\/volkerontour.de\/wp-content\/uploads\/2012\/08\/DSC01113_thumb.jpg\" width=\"244\" height=\"184\"><\/a><\/p>\n<p>Unser Guide f\u00fcr diese Zweitagestour war \u00fcbrigens Manuel (siehe unten). Lustiger Typ <img decoding=\"async\" style=\"border-bottom-style: none; border-left-style: none; border-top-style: none; border-right-style: none\" class=\"wlEmoticon wlEmoticon-smile\" alt=\"Smiley\" src=\"https:\/\/volkerontour.de\/wp-content\/uploads\/2012\/08\/wlEmoticon-smile3.png\"> fanden auch die vier Australier\u2026<\/p>\n<p><a href=\"https:\/\/volkerontour.de\/wp-content\/uploads\/2012\/08\/DSC01115.jpg\"><img loading=\"lazy\" decoding=\"async\" style=\"background-image: none; border-right-width: 0px; padding-left: 0px; padding-right: 0px; display: inline; border-top-width: 0px; border-bottom-width: 0px; border-left-width: 0px; padding-top: 0px\" title=\"DSC01115\" border=\"0\" alt=\"DSC01115\" src=\"https:\/\/volkerontour.de\/wp-content\/uploads\/2012\/08\/DSC01115_thumb.jpg\" width=\"244\" height=\"184\"><\/a>&nbsp;<a href=\"https:\/\/volkerontour.de\/wp-content\/uploads\/2012\/08\/DSC01114.jpg\"><img loading=\"lazy\" decoding=\"async\" style=\"background-image: none; border-right-width: 0px; padding-left: 0px; padding-right: 0px; display: inline; border-top-width: 0px; border-bottom-width: 0px; border-left-width: 0px; padding-top: 0px\" title=\"DSC01114\" border=\"0\" alt=\"DSC01114\" src=\"https:\/\/volkerontour.de\/wp-content\/uploads\/2012\/08\/DSC01114_thumb.jpg\" width=\"244\" height=\"184\"><\/a><\/p>\n<p>Sch\u00f6nerweise hatten wir ein Boot mit Sonnendeck f\u00fcr uns alleine und bereits nach einer kurzen Fahrzeit von etwa 20 Minuten erreichten wir die \u201cFloating Islands\u201d des Titicacasees\u2026 Diese schwimmenden Inseln wurden komplett aus Naturmaterialien gebaut und haben eine Gr\u00f6sse von bis zu 400m\u00b2. Wie eine eigene kleine Stadt tauchen sie auf einmal mitten im See auf\u2026 <\/p>\n<p><a href=\"https:\/\/volkerontour.de\/wp-content\/uploads\/2012\/08\/DSC01120.jpg\"><img loading=\"lazy\" decoding=\"async\" style=\"background-image: none; border-right-width: 0px; padding-left: 0px; padding-right: 0px; display: inline; border-top-width: 0px; border-bottom-width: 0px; border-left-width: 0px; padding-top: 0px\" title=\"DSC01120\" border=\"0\" alt=\"DSC01120\" src=\"https:\/\/volkerontour.de\/wp-content\/uploads\/2012\/08\/DSC01120_thumb.jpg\" width=\"244\" height=\"184\"><\/a>&nbsp;<a href=\"https:\/\/volkerontour.de\/wp-content\/uploads\/2012\/08\/DSC01126.jpg\"><img loading=\"lazy\" decoding=\"async\" style=\"background-image: none; border-right-width: 0px; padding-left: 0px; padding-right: 0px; display: inline; border-top-width: 0px; border-bottom-width: 0px; border-left-width: 0px; padding-top: 0px\" title=\"DSC01126\" border=\"0\" alt=\"DSC01126\" src=\"https:\/\/volkerontour.de\/wp-content\/uploads\/2012\/08\/DSC01126_thumb.jpg\" width=\"244\" height=\"184\"><\/a><\/p>\n<p><a href=\"https:\/\/volkerontour.de\/wp-content\/uploads\/2012\/08\/DSC01132.jpg\"><img loading=\"lazy\" decoding=\"async\" style=\"background-image: none; border-right-width: 0px; padding-left: 0px; padding-right: 0px; display: inline; border-top-width: 0px; border-bottom-width: 0px; border-left-width: 0px; padding-top: 0px\" title=\"DSC01132\" border=\"0\" alt=\"DSC01132\" src=\"https:\/\/volkerontour.de\/wp-content\/uploads\/2012\/08\/DSC01132_thumb.jpg\" width=\"244\" height=\"184\"><\/a>&nbsp;<a href=\"https:\/\/volkerontour.de\/wp-content\/uploads\/2012\/08\/DSC01133.jpg\"><img loading=\"lazy\" decoding=\"async\" style=\"background-image: none; border-right-width: 0px; padding-left: 0px; padding-right: 0px; display: inline; border-top-width: 0px; border-bottom-width: 0px; border-left-width: 0px; padding-top: 0px\" title=\"DSC01133\" border=\"0\" alt=\"DSC01133\" src=\"https:\/\/volkerontour.de\/wp-content\/uploads\/2012\/08\/DSC01133_thumb.jpg\" width=\"244\" height=\"184\"><\/a><\/p>\n<p><a href=\"https:\/\/volkerontour.de\/wp-content\/uploads\/2012\/08\/DSC01135.jpg\"><img loading=\"lazy\" decoding=\"async\" style=\"background-image: none; border-right-width: 0px; padding-left: 0px; padding-right: 0px; display: inline; border-top-width: 0px; border-bottom-width: 0px; border-left-width: 0px; padding-top: 0px\" title=\"DSC01135\" border=\"0\" alt=\"DSC01135\" src=\"https:\/\/volkerontour.de\/wp-content\/uploads\/2012\/08\/DSC01135_thumb.jpg\" width=\"244\" height=\"184\"><\/a>&nbsp;<a href=\"https:\/\/volkerontour.de\/wp-content\/uploads\/2012\/08\/DSC01163.jpg\"><img loading=\"lazy\" decoding=\"async\" style=\"background-image: none; border-right-width: 0px; padding-left: 0px; padding-right: 0px; display: inline; border-top-width: 0px; border-bottom-width: 0px; border-left-width: 0px; padding-top: 0px\" title=\"DSC01163\" border=\"0\" alt=\"DSC01163\" src=\"https:\/\/volkerontour.de\/wp-content\/uploads\/2012\/08\/DSC01163_thumb.jpg\" width=\"244\" height=\"184\"><\/a><\/p>\n<p>Auf einer der Inseln legten wir f\u00fcr eine Weile an. Hier wurde uns von einer Einheimischen (Marta) erkl\u00e4rt, wie die Inseln gebaut werden\u2026<\/p>\n<p><a href=\"https:\/\/volkerontour.de\/wp-content\/uploads\/2012\/08\/DSC01139.jpg\"><img loading=\"lazy\" decoding=\"async\" style=\"background-image: none; border-right-width: 0px; margin: 0px; padding-left: 0px; padding-right: 0px; display: inline; border-top-width: 0px; border-bottom-width: 0px; border-left-width: 0px; padding-top: 0px\" title=\"DSC01139\" border=\"0\" alt=\"DSC01139\" src=\"https:\/\/volkerontour.de\/wp-content\/uploads\/2012\/08\/DSC01139_thumb.jpg\" width=\"244\" height=\"184\"><\/a>&nbsp;<a href=\"https:\/\/volkerontour.de\/wp-content\/uploads\/2012\/08\/DSC01140.jpg\"><img loading=\"lazy\" decoding=\"async\" style=\"background-image: none; border-right-width: 0px; padding-left: 0px; padding-right: 0px; display: inline; border-top-width: 0px; border-bottom-width: 0px; border-left-width: 0px; padding-top: 0px\" title=\"DSC01140\" border=\"0\" alt=\"DSC01140\" src=\"https:\/\/volkerontour.de\/wp-content\/uploads\/2012\/08\/DSC01140_thumb.jpg\" width=\"244\" height=\"184\"><\/a><\/p>\n<p>Bei der anschliessenden Besichtigung der \u201cH\u00e4user\u201d auf den Inseln wurden wir in \u201clustige\u201d einheimische Kost\u00fcme gesteckt\u2026 ganz sch\u00f6n witzig! <img decoding=\"async\" style=\"border-bottom-style: none; border-left-style: none; border-top-style: none; border-right-style: none\" class=\"wlEmoticon wlEmoticon-smile\" alt=\"Smiley\" src=\"https:\/\/volkerontour.de\/wp-content\/uploads\/2012\/08\/wlEmoticon-smile3.png\"><\/p>\n<p><a href=\"https:\/\/volkerontour.de\/wp-content\/uploads\/2012\/08\/DSC01146.jpg\"><img loading=\"lazy\" decoding=\"async\" style=\"background-image: none; border-right-width: 0px; padding-left: 0px; padding-right: 0px; display: inline; border-top-width: 0px; border-bottom-width: 0px; border-left-width: 0px; padding-top: 0px\" title=\"DSC01146\" border=\"0\" alt=\"DSC01146\" src=\"https:\/\/volkerontour.de\/wp-content\/uploads\/2012\/08\/DSC01146_thumb.jpg\" width=\"244\" height=\"184\"><\/a>&nbsp;<a href=\"https:\/\/volkerontour.de\/wp-content\/uploads\/2012\/08\/DSC01148.jpg\"><img loading=\"lazy\" decoding=\"async\" style=\"background-image: none; border-right-width: 0px; margin: 0px; padding-left: 0px; padding-right: 0px; display: inline; border-top-width: 0px; border-bottom-width: 0px; border-left-width: 0px; padding-top: 0px\" title=\"DSC01148\" border=\"0\" alt=\"DSC01148\" src=\"https:\/\/volkerontour.de\/wp-content\/uploads\/2012\/08\/DSC01148_thumb.jpg\" width=\"244\" height=\"184\"><\/a><\/p>\n<p>Nach einer kleinen Bootstour durch die \u201cStadt\u201d der schwimmenden Inseln und der Besichtigung einer weiteren Insel ging es dann auf eine fast dreist\u00fcndige Fahrt Richtung Isla Taquile, wo wir auch unser Mittagessen einnehmen sollten\u2026 Vom Hafen aus mussten wir noch etwa 200 H\u00f6henmeter aufsteigen und hatten uns so&nbsp; auf 4000m H\u00f6he auch unser Mittagessen verdient\u2026<\/p>\n<p><a href=\"https:\/\/volkerontour.de\/wp-content\/uploads\/2012\/08\/DSC01167.jpg\"><img loading=\"lazy\" decoding=\"async\" style=\"background-image: none; border-right-width: 0px; padding-left: 0px; padding-right: 0px; display: inline; border-top-width: 0px; border-bottom-width: 0px; border-left-width: 0px; padding-top: 0px\" title=\"DSC01167\" border=\"0\" alt=\"DSC01167\" src=\"https:\/\/volkerontour.de\/wp-content\/uploads\/2012\/08\/DSC01167_thumb.jpg\" width=\"244\" height=\"184\"><\/a>&nbsp;<a href=\"https:\/\/volkerontour.de\/wp-content\/uploads\/2012\/08\/DSC01168.jpg\"><img loading=\"lazy\" decoding=\"async\" style=\"background-image: none; border-right-width: 0px; padding-left: 0px; padding-right: 0px; display: inline; border-top-width: 0px; border-bottom-width: 0px; border-left-width: 0px; padding-top: 0px\" title=\"DSC01168\" border=\"0\" alt=\"DSC01168\" src=\"https:\/\/volkerontour.de\/wp-content\/uploads\/2012\/08\/DSC01168_thumb.jpg\" width=\"244\" height=\"184\"><\/a><\/p>\n<p>Es gab \u00fcbrigens leckeres Omelette mit Gem\u00fcse, eine original Inca Kola (schmeckt und sieht \u00fcbrigens genauso aus wie Mountain Dew) und einen Kokatee.<\/p>\n<p><a href=\"https:\/\/volkerontour.de\/wp-content\/uploads\/2012\/08\/DSC01175.jpg\"><img loading=\"lazy\" decoding=\"async\" style=\"background-image: none; border-right-width: 0px; padding-left: 0px; padding-right: 0px; display: inline; border-top-width: 0px; border-bottom-width: 0px; border-left-width: 0px; padding-top: 0px\" title=\"DSC01175\" border=\"0\" alt=\"DSC01175\" src=\"https:\/\/volkerontour.de\/wp-content\/uploads\/2012\/08\/DSC01175_thumb.jpg\" width=\"244\" height=\"184\"><\/a>&nbsp;<a href=\"https:\/\/volkerontour.de\/wp-content\/uploads\/2012\/08\/DSC01173.jpg\"><img loading=\"lazy\" decoding=\"async\" style=\"background-image: none; border-right-width: 0px; padding-left: 0px; padding-right: 0px; display: inline; border-top-width: 0px; border-bottom-width: 0px; border-left-width: 0px; padding-top: 0px\" title=\"DSC01173\" border=\"0\" alt=\"DSC01173\" src=\"https:\/\/volkerontour.de\/wp-content\/uploads\/2012\/08\/DSC01173_thumb.jpg\" width=\"244\" height=\"184\"><\/a><\/p>\n<p>Auf dem R\u00fcckweg Richtung Boot konnten wir hier und da noch ein paar sch\u00f6ne Eindr\u00fccke von der Insel gewinnen\u2026<\/p>\n<p><a href=\"https:\/\/volkerontour.de\/wp-content\/uploads\/2012\/08\/DSC01189.jpg\"><img loading=\"lazy\" decoding=\"async\" style=\"background-image: none; border-right-width: 0px; padding-left: 0px; padding-right: 0px; display: inline; border-top-width: 0px; border-bottom-width: 0px; border-left-width: 0px; padding-top: 0px\" title=\"DSC01189\" border=\"0\" alt=\"DSC01189\" src=\"https:\/\/volkerontour.de\/wp-content\/uploads\/2012\/08\/DSC01189_thumb.jpg\" width=\"244\" height=\"184\"><\/a>&nbsp;<a href=\"https:\/\/volkerontour.de\/wp-content\/uploads\/2012\/08\/DSC01191.jpg\"><img loading=\"lazy\" decoding=\"async\" style=\"background-image: none; border-right-width: 0px; padding-left: 0px; padding-right: 0px; display: inline; border-top-width: 0px; border-bottom-width: 0px; border-left-width: 0px; padding-top: 0px\" title=\"DSC01191\" border=\"0\" alt=\"DSC01191\" src=\"https:\/\/volkerontour.de\/wp-content\/uploads\/2012\/08\/DSC01191_thumb.jpg\" width=\"244\" height=\"184\"><\/a><\/p>\n<p>Eine weitere Stunde Bootsfahrt entfernt erreichten wir dann unser Endziel f\u00fcr den heutigen Tag, die Insel Amantani. Hier sollten wir jeweils zu zweit bei Gastfamilien n\u00e4chtigen, deren Alltag kennenlernen und auch ordentlich mit anpacken\u2026 Doch bevor wir zu \u201cunseren\u201d Familien konnten mussten wir erstmal in einem Fussballspiel gegen einheimische Jugendliche ran\u2026 hat superviel Spass gemacht, doch leider hatten wir aufgrund der H\u00f6he von ebenfalls etwa 4000m bereits nach kurzer Zeit massive konditionelle Probleme\u2026 ist wirklich \u00fcbel, wie sehr die H\u00f6he die Leistungsf\u00e4higkeit reduziert!<\/p>\n<p><a href=\"https:\/\/volkerontour.de\/wp-content\/uploads\/2012\/08\/DSC01202.jpg\"><img loading=\"lazy\" decoding=\"async\" style=\"background-image: none; border-right-width: 0px; padding-left: 0px; padding-right: 0px; display: inline; border-top-width: 0px; border-bottom-width: 0px; border-left-width: 0px; padding-top: 0px\" title=\"DSC01202\" border=\"0\" alt=\"DSC01202\" src=\"https:\/\/volkerontour.de\/wp-content\/uploads\/2012\/08\/DSC01202_thumb.jpg\" width=\"244\" height=\"184\"><\/a>&nbsp;<a href=\"https:\/\/volkerontour.de\/wp-content\/uploads\/2012\/08\/DSC01204.jpg\"><img loading=\"lazy\" decoding=\"async\" style=\"background-image: none; border-right-width: 0px; padding-left: 0px; padding-right: 0px; display: inline; border-top-width: 0px; border-bottom-width: 0px; border-left-width: 0px; padding-top: 0px\" title=\"DSC01204\" border=\"0\" alt=\"DSC01204\" src=\"https:\/\/volkerontour.de\/wp-content\/uploads\/2012\/08\/DSC01204_thumb.jpg\" width=\"244\" height=\"184\"><\/a><\/p>\n<p>Nach dem sehr erm\u00fcdenden Spiel wurden wir dann in unsere Gastfamilien eingeteilt. Collin und ich durften zu Aleja und Ihren Eltern nach Hause. Sie waren sehr gastfreundlich, haben uns wirklich lecker bekocht und sich um uns gek\u00fcmmert. Leider war die Kommunikation sehr schwer, da wir beide kein spanisch k\u00f6nnen\u2026Abends fand in dem kleinen, etwa 250 Einwohner z\u00e4hlenden \u00d6rtchen (die gesamte Insel hat etwa 4000 Einwohner) eine kleine Feier statt, zu der auch alle Besucher eingeladen waren. Grundvoraussetzung: Der Dresscode von Amantani. Top-Outfit! <img decoding=\"async\" style=\"border-bottom-style: none; border-left-style: none; border-top-style: none; border-right-style: none\" class=\"wlEmoticon wlEmoticon-smile\" alt=\"Smiley\" src=\"https:\/\/volkerontour.de\/wp-content\/uploads\/2012\/08\/wlEmoticon-smile3.png\"><\/p>\n<p><a href=\"https:\/\/volkerontour.de\/wp-content\/uploads\/2012\/08\/DSC01205.jpg\"><img loading=\"lazy\" decoding=\"async\" style=\"background-image: none; border-right-width: 0px; padding-left: 0px; padding-right: 0px; display: inline; border-top-width: 0px; border-bottom-width: 0px; border-left-width: 0px; padding-top: 0px\" title=\"DSC01205\" border=\"0\" alt=\"DSC01205\" src=\"https:\/\/volkerontour.de\/wp-content\/uploads\/2012\/08\/DSC01205_thumb.jpg\" width=\"244\" height=\"184\"><\/a>&nbsp;<a href=\"https:\/\/volkerontour.de\/wp-content\/uploads\/2012\/08\/DSC01206.jpg\"><img loading=\"lazy\" decoding=\"async\" style=\"background-image: none; border-right-width: 0px; padding-left: 0px; padding-right: 0px; display: inline; border-top-width: 0px; border-bottom-width: 0px; border-left-width: 0px; padding-top: 0px\" title=\"DSC01206\" border=\"0\" alt=\"DSC01206\" src=\"https:\/\/volkerontour.de\/wp-content\/uploads\/2012\/08\/DSC01206_thumb.jpg\" width=\"244\" height=\"184\"><\/a><\/p>\n<p>In der kleinen Halle trafen wir dann auf alle \u201cverkleideten\u201d Mitreisenden und auch viele Einwohner. Zur traditionellen Musik Perus (live gespielt von einer \u201cTop-Band\u201d) wurde dann auch traditionell getanzt\u2026 war nicht so ganz mein Ding, aber naja\u2026 man muss auch mal dahin gehen wos wehtut <img decoding=\"async\" style=\"border-bottom-style: none; border-left-style: none; border-top-style: none; border-right-style: none\" class=\"wlEmoticon wlEmoticon-openmouthedsmile\" alt=\"Smiley mit ge&ouml;ffnetem Mund\" src=\"https:\/\/volkerontour.de\/wp-content\/uploads\/2012\/08\/wlEmoticon-openmouthedsmile2.png\"><\/p>\n<p><a href=\"https:\/\/volkerontour.de\/wp-content\/uploads\/2012\/08\/DSC01219.jpg\"><img loading=\"lazy\" decoding=\"async\" style=\"background-image: none; border-right-width: 0px; padding-left: 0px; padding-right: 0px; display: inline; border-top-width: 0px; border-bottom-width: 0px; border-left-width: 0px; padding-top: 0px\" title=\"DSC01219\" border=\"0\" alt=\"DSC01219\" src=\"https:\/\/volkerontour.de\/wp-content\/uploads\/2012\/08\/DSC01219_thumb.jpg\" width=\"244\" height=\"184\"><\/a>&nbsp;<a href=\"https:\/\/volkerontour.de\/wp-content\/uploads\/2012\/08\/DSC01223.jpg\"><img loading=\"lazy\" decoding=\"async\" style=\"background-image: none; border-right-width: 0px; padding-left: 0px; padding-right: 0px; display: inline; border-top-width: 0px; border-bottom-width: 0px; border-left-width: 0px; padding-top: 0px\" title=\"DSC01223\" border=\"0\" alt=\"DSC01223\" src=\"https:\/\/volkerontour.de\/wp-content\/uploads\/2012\/08\/DSC01223_thumb.jpg\" width=\"244\" height=\"184\"><\/a><\/p>\n<p><a href=\"https:\/\/volkerontour.de\/wp-content\/uploads\/2012\/08\/DSC01222.jpg\"><img loading=\"lazy\" decoding=\"async\" style=\"background-image: none; border-right-width: 0px; padding-left: 0px; padding-right: 0px; display: inline; border-top-width: 0px; border-bottom-width: 0px; border-left-width: 0px; padding-top: 0px\" title=\"DSC01222\" border=\"0\" alt=\"DSC01222\" src=\"https:\/\/volkerontour.de\/wp-content\/uploads\/2012\/08\/DSC01222_thumb.jpg\" width=\"244\" height=\"184\"><\/a>&nbsp;<a href=\"https:\/\/volkerontour.de\/wp-content\/uploads\/2012\/08\/DSC01220.jpg\"><img loading=\"lazy\" decoding=\"async\" style=\"background-image: none; border-right-width: 0px; padding-left: 0px; padding-right: 0px; display: inline; border-top-width: 0px; border-bottom-width: 0px; border-left-width: 0px; padding-top: 0px\" title=\"DSC01220\" border=\"0\" alt=\"DSC01220\" src=\"https:\/\/volkerontour.de\/wp-content\/uploads\/2012\/08\/DSC01220_thumb.jpg\" width=\"244\" height=\"184\"><\/a><\/p>\n<p>Nunja, auch dieser Abend ging zu Ende\u2026 morgen werden wir nach dem Fr\u00fchst\u00fcck Aleja noch ein paar St\u00fcndchen bei der Arbeit helfen, bevor es dann gegen Mittag wieder mit dem Boot zur\u00fcck nach Puno geht.<\/p>\n<p>Buenos Noches! <img decoding=\"async\" style=\"border-bottom-style: none; border-left-style: none; border-top-style: none; border-right-style: none\" class=\"wlEmoticon wlEmoticon-smile\" alt=\"Smiley\" src=\"https:\/\/volkerontour.de\/wp-content\/uploads\/2012\/08\/wlEmoticon-smile3.png\"><\/p>\n","protected":false},"excerpt":{"rendered":"<p>Freitag, 03.08.: Die Tage 13 und 14 sollten wir also (wie im gestrigen Blog angek\u00fcndigt) am bzw. im Titicacasee verbringen. Auf einer H\u00f6he von \u00fcber 3800m gelegen ist der Titicacasee der h\u00f6chstgelegene See der Welt und mit einer Gesamtfl\u00e4che von &hellip; <a href=\"https:\/\/volkerontour.de\/?p=577\">Weiterlesen <span class=\"meta-nav\">&rarr;<\/span><\/a><\/p>\n","protected":false},"author":3,"featured_media":0,"comment_status":"closed","ping_status":"open","sticky":false,"template":"","format":"standard","meta":{"footnotes":""},"categories":[1],"tags":[],"class_list":["post-577","post","type-post","status-publish","format-standard","hentry","category-uncategorized"],"_links":{"self":[{"href":"https:\/\/volkerontour.de\/index.php?rest_route=\/wp\/v2\/posts\/577","targetHints":{"allow":["GET"]}}],"collection":[{"href":"https:\/\/volkerontour.de\/index.php?rest_route=\/wp\/v2\/posts"}],"about":[{"href":"https:\/\/volkerontour.de\/index.php?rest_route=\/wp\/v2\/types\/post"}],"author":[{"embeddable":true,"href":"https:\/\/volkerontour.de\/index.php?rest_route=\/wp\/v2\/users\/3"}],"replies":[{"embeddable":true,"href":"https:\/\/volkerontour.de\/index.php?rest_route=%2Fwp%2Fv2%2Fcomments&post=577"}],"version-history":[{"count":0,"href":"https:\/\/volkerontour.de\/index.php?rest_route=\/wp\/v2\/posts\/577\/revisions"}],"wp:attachment":[{"href":"https:\/\/volkerontour.de\/index.php?rest_route=%2Fwp%2Fv2%2Fmedia&parent=577"}],"wp:term":[{"taxonomy":"category","embeddable":true,"href":"https:\/\/volkerontour.de\/index.php?rest_route=%2Fwp%2Fv2%2Fcategories&post=577"},{"taxonomy":"post_tag","embeddable":true,"href":"https:\/\/volkerontour.de\/index.php?rest_route=%2Fwp%2Fv2%2Ftags&post=577"}],"curies":[{"name":"wp","href":"https:\/\/api.w.org\/{rel}","templated":true}]}}