{"id":623,"date":"2012-08-05T03:53:42","date_gmt":"2012-08-05T03:53:42","guid":{"rendered":"http:\/\/volkerontour.de\/?p=623"},"modified":"2012-08-05T03:53:42","modified_gmt":"2012-08-05T03:53:42","slug":"tag-14-titicacasee-teil-2","status":"publish","type":"post","link":"https:\/\/volkerontour.de\/?p=623","title":{"rendered":"Tag 14: Titicacasee Teil 2"},"content":{"rendered":"<p>Samstag, 04.08.: Nach einer erholsamen, wenn auch ein wenig frischen Nacht bei unserer \u201cGastmutter\u201d Aleja war ich ein bisschen fr\u00fcher auf und schaute mich ein wenig in der Gegend um. Mein englischer Zimmernachbar zog es vor noch ein wenig l\u00e4nger zu schlafen\u2026<\/p>\n<p><a href=\"https:\/\/volkerontour.de\/wp-content\/uploads\/2012\/08\/DSC01229.jpg\"><img loading=\"lazy\" decoding=\"async\" style=\"background-image: none; border-right-width: 0px; padding-left: 0px; padding-right: 0px; display: inline; border-top-width: 0px; border-bottom-width: 0px; border-left-width: 0px; padding-top: 0px\" title=\"DSC01229\" border=\"0\" alt=\"DSC01229\" src=\"https:\/\/volkerontour.de\/wp-content\/uploads\/2012\/08\/DSC01229_thumb.jpg\" width=\"244\" height=\"184\"><\/a>&nbsp;<a href=\"https:\/\/volkerontour.de\/wp-content\/uploads\/2012\/08\/DSC01230.jpg\"><img loading=\"lazy\" decoding=\"async\" style=\"background-image: none; border-right-width: 0px; margin: 0px; padding-left: 0px; padding-right: 0px; display: inline; border-top-width: 0px; border-bottom-width: 0px; border-left-width: 0px; padding-top: 0px\" title=\"DSC01230\" border=\"0\" alt=\"DSC01230\" src=\"https:\/\/volkerontour.de\/wp-content\/uploads\/2012\/08\/DSC01230_thumb.jpg\" width=\"244\" height=\"184\"><\/a><\/p>\n<p><a href=\"https:\/\/volkerontour.de\/wp-content\/uploads\/2012\/08\/DSC01231.jpg\"><img loading=\"lazy\" decoding=\"async\" style=\"background-image: none; border-right-width: 0px; padding-left: 0px; padding-right: 0px; display: inline; border-top-width: 0px; border-bottom-width: 0px; border-left-width: 0px; padding-top: 0px\" title=\"DSC01231\" border=\"0\" alt=\"DSC01231\" src=\"https:\/\/volkerontour.de\/wp-content\/uploads\/2012\/08\/DSC01231_thumb.jpg\" width=\"244\" height=\"184\"><\/a>&nbsp;<a href=\"https:\/\/volkerontour.de\/wp-content\/uploads\/2012\/08\/DSC012331.jpg\"><img loading=\"lazy\" decoding=\"async\" style=\"background-image: none; border-right-width: 0px; padding-left: 0px; padding-right: 0px; display: inline; border-top-width: 0px; border-bottom-width: 0px; border-left-width: 0px; padding-top: 0px\" title=\"DSC01233\" border=\"0\" alt=\"DSC01233\" src=\"https:\/\/volkerontour.de\/wp-content\/uploads\/2012\/08\/DSC01233_thumb.jpg\" width=\"244\" height=\"184\"><\/a><\/p>\n<p>Irgendwie kommt man sich wirklich vor wie in einer anderen Welt\u2026 Keine Autos, keine Telefone, Fernseher, Radios, K\u00fchlschr\u00e4nke, oder sonstiges. Hier und da elektrisches Licht ist das einzige, was auf Zivilisation hindeutet. Ein Ort fernab von Stress und Hektik\u2026 Esel, Schafe, H\u00fchner und K\u00fche laufen \u00fcberall herum\u2026 wirklich eine ganz eigene Stimmung, die diese Insel mit sich bringt\u2026<\/p>\n<p>Um 7:30 Uhr wurden wir zum Fr\u00fchst\u00fcck gebeten\u2026 Es gab selbstgemachte und sehr leckere Teigtaschen dazu Kokatee oder Kaffee\u2026<\/p>\n<p><a href=\"https:\/\/volkerontour.de\/wp-content\/uploads\/2012\/08\/DSC01236.jpg\"><img loading=\"lazy\" decoding=\"async\" style=\"background-image: none; border-right-width: 0px; padding-left: 0px; padding-right: 0px; display: inline; border-top-width: 0px; border-bottom-width: 0px; border-left-width: 0px; padding-top: 0px\" title=\"DSC01236\" border=\"0\" alt=\"DSC01236\" src=\"https:\/\/volkerontour.de\/wp-content\/uploads\/2012\/08\/DSC01236_thumb.jpg\" width=\"244\" height=\"184\"><\/a>&nbsp;<a href=\"https:\/\/volkerontour.de\/wp-content\/uploads\/2012\/08\/DSC01238.jpg\"><img loading=\"lazy\" decoding=\"async\" style=\"background-image: none; border-right-width: 0px; padding-left: 0px; padding-right: 0px; display: inline; border-top-width: 0px; border-bottom-width: 0px; border-left-width: 0px; padding-top: 0px\" title=\"DSC01238\" border=\"0\" alt=\"DSC01238\" src=\"https:\/\/volkerontour.de\/wp-content\/uploads\/2012\/08\/DSC01238_thumb.jpg\" width=\"244\" height=\"184\"><\/a><\/p>\n<p>An diesem Morgen war Alejas Bruder mit der ganzen Familie anwesend\u2026 wir sollten Ihnen sp\u00e4ter an diesem Morgen (wie von unserem Guide angek\u00fcndigt) ein wenig bei der Arbeit helfen\u2026<\/p>\n<p><a href=\"https:\/\/volkerontour.de\/wp-content\/uploads\/2012\/08\/DSC01237.jpg\"><img loading=\"lazy\" decoding=\"async\" style=\"background-image: none; border-right-width: 0px; padding-left: 0px; padding-right: 0px; display: inline; border-top-width: 0px; border-bottom-width: 0px; border-left-width: 0px; padding-top: 0px\" title=\"DSC01237\" border=\"0\" alt=\"DSC01237\" src=\"https:\/\/volkerontour.de\/wp-content\/uploads\/2012\/08\/DSC01237_thumb.jpg\" width=\"244\" height=\"184\"><\/a><\/p>\n<p>O.k., 8 Uhr gings dann los mit der Arbeit. Unser Job: 30kg schwere Zements\u00e4cke von 4000m H\u00f6he in gef\u00fchlte 8000m H\u00f6he transportieren, wo Alejas Bruder gerade an einem neuen Haus baut. Herzlichen Gl\u00fcckwunsch!<\/p>\n<p><a href=\"https:\/\/volkerontour.de\/wp-content\/uploads\/2012\/08\/DSC01240.jpg\"><img loading=\"lazy\" decoding=\"async\" style=\"background-image: none; border-right-width: 0px; padding-left: 0px; padding-right: 0px; display: inline; border-top-width: 0px; border-bottom-width: 0px; border-left-width: 0px; padding-top: 0px\" title=\"DSC01240\" border=\"0\" alt=\"DSC01240\" src=\"https:\/\/volkerontour.de\/wp-content\/uploads\/2012\/08\/DSC01240_thumb.jpg\" width=\"244\" height=\"184\"><\/a>&nbsp;<a href=\"https:\/\/volkerontour.de\/wp-content\/uploads\/2012\/08\/DSC01241.jpg\"><img loading=\"lazy\" decoding=\"async\" style=\"background-image: none; border-right-width: 0px; padding-left: 0px; padding-right: 0px; display: inline; border-top-width: 0px; border-bottom-width: 0px; border-left-width: 0px; padding-top: 0px\" title=\"DSC01241\" border=\"0\" alt=\"DSC01241\" src=\"https:\/\/volkerontour.de\/wp-content\/uploads\/2012\/08\/DSC01241_thumb.jpg\" width=\"244\" height=\"184\"><\/a><\/p>\n<p>Anstrengend!!! Und w\u00e4hrend wir uns da einen abschleppten, hatten andere n easy Job, wie Shankar und Anita, die einfach zwei Stunden lang ne Schafherde bewachen mussten\u2026 Top!!!<\/p>\n<p><a href=\"https:\/\/volkerontour.de\/wp-content\/uploads\/2012\/08\/DSC01243.jpg\"><img loading=\"lazy\" decoding=\"async\" style=\"background-image: none; border-right-width: 0px; padding-left: 0px; padding-right: 0px; display: inline; border-top-width: 0px; border-bottom-width: 0px; border-left-width: 0px; padding-top: 0px\" title=\"DSC01243\" border=\"0\" alt=\"DSC01243\" src=\"https:\/\/volkerontour.de\/wp-content\/uploads\/2012\/08\/DSC01243_thumb.jpg\" width=\"244\" height=\"184\"><\/a>&nbsp;<a href=\"https:\/\/volkerontour.de\/wp-content\/uploads\/2012\/08\/DSC01246.jpg\"><img loading=\"lazy\" decoding=\"async\" style=\"background-image: none; border-right-width: 0px; padding-left: 0px; padding-right: 0px; display: inline; border-top-width: 0px; border-bottom-width: 0px; border-left-width: 0px; padding-top: 0px\" title=\"DSC01246\" border=\"0\" alt=\"DSC01246\" src=\"https:\/\/volkerontour.de\/wp-content\/uploads\/2012\/08\/DSC01246_thumb.jpg\" width=\"244\" height=\"184\"><\/a><\/p>\n<p>Nunja, zweimal nahmen wir den Weg mit den Zements\u00e4cken auf uns, dann haben wir noch ein bisschen Wasser aus nem Brunnen besorgt, sowie hier und da bei ein paar Kleinigkeiten geholfen\u2026 Zwischendurch gabs immer wieder ein bisschen Zeit um mit den Kindern und Tieren von Alejas Bruder ein bisschen Spass zu machen <img decoding=\"async\" style=\"border-bottom-style: none; border-left-style: none; border-top-style: none; border-right-style: none\" class=\"wlEmoticon wlEmoticon-smile\" alt=\"Smiley\" src=\"https:\/\/volkerontour.de\/wp-content\/uploads\/2012\/08\/wlEmoticon-smile4.png\"><\/p>\n<p><a href=\"https:\/\/volkerontour.de\/wp-content\/uploads\/2012\/08\/DSC01252.jpg\"><img loading=\"lazy\" decoding=\"async\" style=\"background-image: none; border-right-width: 0px; padding-left: 0px; padding-right: 0px; display: inline; border-top-width: 0px; border-bottom-width: 0px; border-left-width: 0px; padding-top: 0px\" title=\"DSC01252\" border=\"0\" alt=\"DSC01252\" src=\"https:\/\/volkerontour.de\/wp-content\/uploads\/2012\/08\/DSC01252_thumb.jpg\" width=\"244\" height=\"184\"><\/a>&nbsp;<a href=\"https:\/\/volkerontour.de\/wp-content\/uploads\/2012\/08\/DSC01253.jpg\"><img loading=\"lazy\" decoding=\"async\" style=\"background-image: none; border-right-width: 0px; padding-left: 0px; padding-right: 0px; display: inline; border-top-width: 0px; border-bottom-width: 0px; border-left-width: 0px; padding-top: 0px\" title=\"DSC01253\" border=\"0\" alt=\"DSC01253\" src=\"https:\/\/volkerontour.de\/wp-content\/uploads\/2012\/08\/DSC01253_thumb.jpg\" width=\"244\" height=\"184\"><\/a><\/p>\n<p><a href=\"https:\/\/volkerontour.de\/wp-content\/uploads\/2012\/08\/DSC01250.jpg\"><img loading=\"lazy\" decoding=\"async\" style=\"background-image: none; border-right-width: 0px; padding-left: 0px; padding-right: 0px; display: inline; border-top-width: 0px; border-bottom-width: 0px; border-left-width: 0px; padding-top: 0px\" title=\"DSC01250\" border=\"0\" alt=\"DSC01250\" src=\"https:\/\/volkerontour.de\/wp-content\/uploads\/2012\/08\/DSC01250_thumb.jpg\" width=\"244\" height=\"184\"><\/a>&nbsp;<a href=\"https:\/\/volkerontour.de\/wp-content\/uploads\/2012\/08\/DSC01262.jpg\"><img loading=\"lazy\" decoding=\"async\" style=\"background-image: none; border-right-width: 0px; padding-left: 0px; padding-right: 0px; display: inline; border-top-width: 0px; border-bottom-width: 0px; border-left-width: 0px; padding-top: 0px\" title=\"DSC01262\" border=\"0\" alt=\"DSC01262\" src=\"https:\/\/volkerontour.de\/wp-content\/uploads\/2012\/08\/DSC01262_thumb.jpg\" width=\"244\" height=\"184\"><\/a><\/p>\n<p>Zum Abschluss wurden wir noch zu einem Mittagessen bei unserer Gastmama eingeladen, bevor wir uns dann gegen 12 Uhr verabschiedeten und zu unserer dreist\u00fcndigen Bootsfahrt zur\u00fcck Richtung Puno antraten\u2026<\/p>\n<p><a href=\"https:\/\/volkerontour.de\/wp-content\/uploads\/2012\/08\/DSC01263.jpg\"><img loading=\"lazy\" decoding=\"async\" style=\"background-image: none; border-right-width: 0px; padding-left: 0px; padding-right: 0px; display: inline; border-top-width: 0px; border-bottom-width: 0px; border-left-width: 0px; padding-top: 0px\" title=\"DSC01263\" border=\"0\" alt=\"DSC01263\" src=\"https:\/\/volkerontour.de\/wp-content\/uploads\/2012\/08\/DSC01263_thumb.jpg\" width=\"244\" height=\"184\"><\/a>&nbsp;<a href=\"https:\/\/volkerontour.de\/wp-content\/uploads\/2012\/08\/DSC01264.jpg\"><img loading=\"lazy\" decoding=\"async\" style=\"background-image: none; border-right-width: 0px; padding-left: 0px; padding-right: 0px; display: inline; border-top-width: 0px; border-bottom-width: 0px; border-left-width: 0px; padding-top: 0px\" title=\"DSC01264\" border=\"0\" alt=\"DSC01264\" src=\"https:\/\/volkerontour.de\/wp-content\/uploads\/2012\/08\/DSC01264_thumb.jpg\" width=\"244\" height=\"184\"><\/a><\/p>\n<p>War f\u00fcr uns alle eine wirklich interessante Erfahrung, wie Menschen heute noch scheinbar total abgeschottet von der Aussenwelt ohne jegliche Technik leben k\u00f6nnen\u2026 Aleja erz\u00e4hlte uns gestern, dass ihre Eltern (beide etwa 60 Jahre alt) die Insel noch nie verlassen h\u00e4tten\u2026 ist in der heutigen Zeit irgendwie unvorstellbar\u2026 <\/p>\n<p>Zur\u00fcck im Hotel \u201cItalia\u201d in Puno war erst einmal Zeit f\u00fcr eine Dusche und eventuell einige kleinere Besorgungen f\u00fcr die n\u00e4chsten Tage, bevor sich die Gruppe f\u00fcr ein Briefing und ein Abendessen wie getroffen hat. In der Innenstadt von Puno war gut was los (es war ja auch Samstag Abend). Im Restaurant Hacienda gab es f\u00fcr mich leckeres H\u00e4hnchen in Erdnusssauce\u2026 Es floss auch einiges an Alkohol und eine einheimische \u201cBand\u201d machte gut Stimmung. Diego und Sabrina aus Italien (auf dem ersten Bild) bestechen \u00fcbrigens mit famosem Patriotismus. Ich glaube, sie haben bisher jeden Abend Pizza oder Pasta gegessen, egal was es auch f\u00fcr tolle einheimische Speisen auf der jeweiligen Karte gab. Respekt! <img decoding=\"async\" style=\"border-bottom-style: none; border-left-style: none; border-top-style: none; border-right-style: none\" class=\"wlEmoticon wlEmoticon-openmouthedsmile\" alt=\"Smiley mit ge&ouml;ffnetem Mund\" src=\"https:\/\/volkerontour.de\/wp-content\/uploads\/2012\/08\/wlEmoticon-openmouthedsmile3.png\"><\/p>\n<p><a href=\"https:\/\/volkerontour.de\/wp-content\/uploads\/2012\/08\/DSC01271.jpg\"><img loading=\"lazy\" decoding=\"async\" style=\"background-image: none; border-right-width: 0px; padding-left: 0px; padding-right: 0px; display: inline; border-top-width: 0px; border-bottom-width: 0px; border-left-width: 0px; padding-top: 0px\" title=\"DSC01271\" border=\"0\" alt=\"DSC01271\" src=\"https:\/\/volkerontour.de\/wp-content\/uploads\/2012\/08\/DSC01271_thumb.jpg\" width=\"244\" height=\"184\"><\/a>&nbsp;<a href=\"https:\/\/volkerontour.de\/wp-content\/uploads\/2012\/08\/DSC01265.jpg\"><img loading=\"lazy\" decoding=\"async\" style=\"background-image: none; border-right-width: 0px; padding-left: 0px; padding-right: 0px; display: inline; border-top-width: 0px; border-bottom-width: 0px; border-left-width: 0px; padding-top: 0px\" title=\"DSC01265\" border=\"0\" alt=\"DSC01265\" src=\"https:\/\/volkerontour.de\/wp-content\/uploads\/2012\/08\/DSC01265_thumb.jpg\" width=\"244\" height=\"184\"><\/a><\/p>\n<p><a href=\"https:\/\/volkerontour.de\/wp-content\/uploads\/2012\/08\/DSC01272.jpg\"><img loading=\"lazy\" decoding=\"async\" style=\"background-image: none; border-right-width: 0px; padding-left: 0px; padding-right: 0px; display: inline; border-top-width: 0px; border-bottom-width: 0px; border-left-width: 0px; padding-top: 0px\" title=\"DSC01272\" border=\"0\" alt=\"DSC01272\" src=\"https:\/\/volkerontour.de\/wp-content\/uploads\/2012\/08\/DSC01272_thumb.jpg\" width=\"244\" height=\"184\"><\/a>&nbsp;<a href=\"https:\/\/volkerontour.de\/wp-content\/uploads\/2012\/08\/DSC01275.jpg\"><img loading=\"lazy\" decoding=\"async\" style=\"background-image: none; border-right-width: 0px; padding-left: 0px; padding-right: 0px; display: inline; border-top-width: 0px; border-bottom-width: 0px; border-left-width: 0px; padding-top: 0px\" title=\"DSC01275\" border=\"0\" alt=\"DSC01275\" src=\"https:\/\/volkerontour.de\/wp-content\/uploads\/2012\/08\/DSC01275_thumb.jpg\" width=\"244\" height=\"184\"><\/a><\/p>\n<p>Sooooo, Zeit f\u00fcrs Bett. Nach dem morgigen \u201cTransfertag\u201d Richtung Cusco gehts danach richtig los mit Mehrtagestouren in den Dschungel und nach Machu Picchu\u2026<\/p>\n<p>Gruss aus Puno und gute Nacht <img decoding=\"async\" style=\"border-bottom-style: none; border-left-style: none; border-top-style: none; border-right-style: none\" class=\"wlEmoticon wlEmoticon-smile\" alt=\"Smiley\" src=\"https:\/\/volkerontour.de\/wp-content\/uploads\/2012\/08\/wlEmoticon-smile4.png\"><\/p>\n","protected":false},"excerpt":{"rendered":"<p>Samstag, 04.08.: Nach einer erholsamen, wenn auch ein wenig frischen Nacht bei unserer \u201cGastmutter\u201d Aleja war ich ein bisschen fr\u00fcher auf und schaute mich ein wenig in der Gegend um. Mein englischer Zimmernachbar zog es vor noch ein wenig l\u00e4nger &hellip; <a href=\"https:\/\/volkerontour.de\/?p=623\">Weiterlesen <span class=\"meta-nav\">&rarr;<\/span><\/a><\/p>\n","protected":false},"author":3,"featured_media":0,"comment_status":"closed","ping_status":"open","sticky":false,"template":"","format":"standard","meta":{"footnotes":""},"categories":[1],"tags":[],"class_list":["post-623","post","type-post","status-publish","format-standard","hentry","category-uncategorized"],"_links":{"self":[{"href":"https:\/\/volkerontour.de\/index.php?rest_route=\/wp\/v2\/posts\/623","targetHints":{"allow":["GET"]}}],"collection":[{"href":"https:\/\/volkerontour.de\/index.php?rest_route=\/wp\/v2\/posts"}],"about":[{"href":"https:\/\/volkerontour.de\/index.php?rest_route=\/wp\/v2\/types\/post"}],"author":[{"embeddable":true,"href":"https:\/\/volkerontour.de\/index.php?rest_route=\/wp\/v2\/users\/3"}],"replies":[{"embeddable":true,"href":"https:\/\/volkerontour.de\/index.php?rest_route=%2Fwp%2Fv2%2Fcomments&post=623"}],"version-history":[{"count":0,"href":"https:\/\/volkerontour.de\/index.php?rest_route=\/wp\/v2\/posts\/623\/revisions"}],"wp:attachment":[{"href":"https:\/\/volkerontour.de\/index.php?rest_route=%2Fwp%2Fv2%2Fmedia&parent=623"}],"wp:term":[{"taxonomy":"category","embeddable":true,"href":"https:\/\/volkerontour.de\/index.php?rest_route=%2Fwp%2Fv2%2Fcategories&post=623"},{"taxonomy":"post_tag","embeddable":true,"href":"https:\/\/volkerontour.de\/index.php?rest_route=%2Fwp%2Fv2%2Ftags&post=623"}],"curies":[{"name":"wp","href":"https:\/\/api.w.org\/{rel}","templated":true}]}}