{"id":698,"date":"2012-08-06T07:53:00","date_gmt":"2012-08-06T07:53:00","guid":{"rendered":"http:\/\/volkerontour.de\/?p=698"},"modified":"2012-08-06T07:53:00","modified_gmt":"2012-08-06T07:53:00","slug":"tag-15-transfer-punocusco","status":"publish","type":"post","link":"https:\/\/volkerontour.de\/?p=698","title":{"rendered":"Tag 15: Transfer Puno\/Cusco"},"content":{"rendered":"<p>Sonntag, 05.08.: <\/p>\n<p>Hallo und wundersch\u00f6nen guten Morgen zusammen!<\/p>\n<p>In Peru ist es genau 10:37 Uhr am Morgen und ich sitze im Bus von Puno nach Cusco\u2026 Die Fahrt wird voraussichtlich etwa sieben Stunden dauern, so dass ich noch einige Zeit in diesem (allerdings wirklich komfortablen) Sitz verbringen werde. Die peruanischen Busse sind allgemein deutlich ger\u00e4umiger und angenehmer als die in Bolivien, was laut unserer Guides einfach daran liegt, dass Peru schon viel l\u00e4nger touristisch erschlossen ist\u2026 macht Sinn. Das ist auch der Grund warum in Bolivien alles spotbillig war und hier in Peru schon ein wenig teurer ist. Gut, dass ich meine Alpaca-Kollektion also in Bolivien erworben habe <img decoding=\"async\" style=\"border-bottom-style: none; border-left-style: none; border-top-style: none; border-right-style: none\" class=\"wlEmoticon wlEmoticon-winkingsmile\" alt=\"Zwinkerndes Smiley\" src=\"https:\/\/volkerontour.de\/wp-content\/uploads\/2012\/08\/wlEmoticon-winkingsmile1.png\">.<\/p>\n<p>Wir fahren gerade durchs Hinterland Perus. Eben sind wir ne Weile vor einer Strassensperre gestanden\u2026<\/p>\n<p><a href=\"https:\/\/volkerontour.de\/wp-content\/uploads\/2012\/08\/DSC01276.jpg\"><img loading=\"lazy\" decoding=\"async\" style=\"background-image: none; border-right-width: 0px; padding-left: 0px; padding-right: 0px; display: inline; border-top-width: 0px; border-bottom-width: 0px; border-left-width: 0px; padding-top: 0px\" title=\"DSC01276\" border=\"0\" alt=\"DSC01276\" src=\"https:\/\/volkerontour.de\/wp-content\/uploads\/2012\/08\/DSC01276_thumb.jpg\" width=\"244\" height=\"184\"><\/a>&nbsp;<a href=\"https:\/\/volkerontour.de\/wp-content\/uploads\/2012\/08\/DSC01278.jpg\"><img loading=\"lazy\" decoding=\"async\" style=\"background-image: none; border-right-width: 0px; padding-left: 0px; padding-right: 0px; display: inline; border-top-width: 0px; border-bottom-width: 0px; border-left-width: 0px; padding-top: 0px\" title=\"DSC01278\" border=\"0\" alt=\"DSC01278\" src=\"https:\/\/volkerontour.de\/wp-content\/uploads\/2012\/08\/DSC01278_thumb.jpg\" width=\"244\" height=\"184\"><\/a><\/p>\n<p><a href=\"https:\/\/volkerontour.de\/wp-content\/uploads\/2012\/08\/DSC01279.jpg\"><img loading=\"lazy\" decoding=\"async\" style=\"background-image: none; border-right-width: 0px; padding-left: 0px; padding-right: 0px; display: inline; border-top-width: 0px; border-bottom-width: 0px; border-left-width: 0px; padding-top: 0px\" title=\"DSC01279\" border=\"0\" alt=\"DSC01279\" src=\"https:\/\/volkerontour.de\/wp-content\/uploads\/2012\/08\/DSC01279_thumb.jpg\" width=\"244\" height=\"184\"><\/a><\/p>\n<p>Da der Tag heute wahrscheinlich recht arm an Highlights sein wird, dachte ich, ich stelle Euch mal ein bisschen die Gruppe vor (f\u00fcr diejenigen, die es interessiert und f\u00fcr mich wenn ich das irgendwann in f\u00fcnf Jahren mal wieder lese <img decoding=\"async\" style=\"border-bottom-style: none; border-left-style: none; border-top-style: none; border-right-style: none\" class=\"wlEmoticon wlEmoticon-smile\" alt=\"Smiley\" src=\"https:\/\/volkerontour.de\/wp-content\/uploads\/2012\/08\/wlEmoticon-smile5.png\">) \u00dcber einige weiss ich nat\u00fcrlich noch nicht so viel, da sie erst vor ein paar Tagen in La Paz dazugestossen sind\u2026<\/p>\n<p><a href=\"https:\/\/volkerontour.de\/wp-content\/uploads\/2012\/08\/DSC01290.jpg\"><img loading=\"lazy\" decoding=\"async\" style=\"background-image: none; border-right-width: 0px; padding-left: 0px; padding-right: 0px; display: inline; border-top-width: 0px; border-bottom-width: 0px; border-left-width: 0px; padding-top: 0px\" title=\"DSC01290\" border=\"0\" alt=\"DSC01290\" src=\"https:\/\/volkerontour.de\/wp-content\/uploads\/2012\/08\/DSC01290_thumb.jpg\" width=\"244\" height=\"184\"><\/a><\/p>\n<p>Also, dann leg ich mal los\u2026<\/p>\n<p><a href=\"https:\/\/volkerontour.de\/wp-content\/uploads\/2012\/08\/DSC01283.jpg\"><img loading=\"lazy\" decoding=\"async\" style=\"background-image: none; border-right-width: 0px; padding-left: 0px; padding-right: 0px; display: inline; border-top-width: 0px; border-bottom-width: 0px; border-left-width: 0px; padding-top: 0px\" title=\"DSC01283\" border=\"0\" alt=\"DSC01283\" src=\"https:\/\/volkerontour.de\/wp-content\/uploads\/2012\/08\/DSC01283_thumb.jpg\" width=\"184\" height=\"244\"><\/a>&nbsp;<a href=\"https:\/\/volkerontour.de\/wp-content\/uploads\/2012\/08\/DSC01288.jpg\"><img loading=\"lazy\" decoding=\"async\" style=\"background-image: none; border-right-width: 0px; padding-left: 0px; padding-right: 0px; display: inline; border-top-width: 0px; border-bottom-width: 0px; border-left-width: 0px; padding-top: 0px\" title=\"DSC01288\" border=\"0\" alt=\"DSC01288\" src=\"https:\/\/volkerontour.de\/wp-content\/uploads\/2012\/08\/DSC01288_thumb.jpg\" width=\"184\" height=\"244\"><\/a><\/p>\n<p>Calum (a.k.a. Colin): So heisst er wirklich\u2026 dachte ewig lange, dass er Colin heisst\u2026 egal, erh\u00f6rt auf beides. 19 Jahre alt,&nbsp; aus S\u00fcdengland. Seit dem Perutrip mein Zimmernachbar, da wir (von insgesamt vier m\u00e4nnlichen Passagieren) die einzigen beiden Singles sind (die anderen beiden haben ja Ihre Freundin bzw. Frau dabei). Extremer Typ, der irgendwie immer zwischen Genie und Wahnsinn schwankt. Ist seit mehreren Monaten unterwegs, war vorher lange in Afrika. Nach diesem Trip beginnt er sein Mathematik- und Managementstudium in England. Ist supersportlich, sehr interessiert und hat immer sein Tagebuch dabei, dass er nicht nur als Tagebuch nutzt, sondern auch um mal kurz als Brainstorming alle Staaten mit dazugeh\u00f6rigen Hauptst\u00e4dten Afrikas aufzuschreiben. Seine Kamera hat er so gut wie immer um den Hals, und fotografiert grunds\u00e4tzlich alles. Aufpassen muss man bei ihm wenn man in seiner Gegenwart etwas zu essen oder zu trinken \u00f6ffnet: Man darf es auf keinen Fall unbeaufsichtigt lassen, sonst ist es direkt weg! Er redet im Schlaf ohne Punkt und Komma und ohne mich und meinen Wecker w\u00fcrde er heute sicherlich noch im Hotelzimmer in La Paz liegen und schlafen <img decoding=\"async\" style=\"border-bottom-style: none; border-left-style: none; border-top-style: none; border-right-style: none\" class=\"wlEmoticon wlEmoticon-winkingsmile\" alt=\"Zwinkerndes Smiley\" src=\"https:\/\/volkerontour.de\/wp-content\/uploads\/2012\/08\/wlEmoticon-winkingsmile1.png\"> Auch wenn wir schon einige Jahre auseinander und dazu ziemlich verschieden sind kommen wir super klar\u2026<\/p>\n<p><a href=\"https:\/\/volkerontour.de\/wp-content\/uploads\/2012\/08\/DSC01282.jpg\"><img loading=\"lazy\" decoding=\"async\" style=\"background-image: none; border-right-width: 0px; padding-left: 0px; padding-right: 0px; display: inline; border-top-width: 0px; border-bottom-width: 0px; border-left-width: 0px; padding-top: 0px\" title=\"DSC01282\" border=\"0\" alt=\"DSC01282\" src=\"https:\/\/volkerontour.de\/wp-content\/uploads\/2012\/08\/DSC01282_thumb.jpg\" width=\"244\" height=\"184\"><\/a><\/p>\n<p>Carmila (links) und Tina: Beide Anfang 20 und aus dem S\u00fcdwesten Norwegens. Sie arbeiten beide im selben Restaurant. Tina ist Chefk\u00f6chin und Carmila \u201cChefwaitress\u201d. Beide haben durch zahlreiche \u00dcberstunden und angesparten Urlaub vier Monate (!!!) frei und touren durch die komplette Welt\u2026 wenn ich das richtig mitbekommen habe waren sie bereits eine Weile in Asien und Afrika unterwegs, machen nun die 45-t\u00e4gige Tour von Rio nach Lima mit und durchqueren anschliessend noch die USA von San Francisco bis nach New York (sch\u00f6ne Tour habe ich mir sagen lassen <img decoding=\"async\" style=\"border-bottom-style: none; border-left-style: none; border-top-style: none; border-right-style: none\" class=\"wlEmoticon wlEmoticon-smile\" alt=\"Smiley\" src=\"https:\/\/volkerontour.de\/wp-content\/uploads\/2012\/08\/wlEmoticon-smile5.png\">). Beide sind superaufgeweckt (auch wahrscheinlich weil sie immer schon so gegen 9 Uhr ins Bett gehen <img decoding=\"async\" style=\"border-bottom-style: none; border-left-style: none; border-top-style: none; border-right-style: none\" class=\"wlEmoticon wlEmoticon-winkingsmile\" alt=\"Zwinkerndes Smiley\" src=\"https:\/\/volkerontour.de\/wp-content\/uploads\/2012\/08\/wlEmoticon-winkingsmile1.png\">), immer gut gelaunt, witzig und unternehmungslustig (waren beim Paragliding und Mountainbiking dabei). In Bolivien waren noch zwei Freunde von Ihnen dabei, die allerdings nach La Paz abgereist sind\u2026 <\/p>\n<p><a href=\"https:\/\/volkerontour.de\/wp-content\/uploads\/2012\/08\/DSC01277.jpg\"><img loading=\"lazy\" decoding=\"async\" style=\"background-image: none; border-right-width: 0px; padding-left: 0px; padding-right: 0px; display: inline; border-top-width: 0px; border-bottom-width: 0px; border-left-width: 0px; padding-top: 0px\" title=\"DSC01277\" border=\"0\" alt=\"DSC01277\" src=\"https:\/\/volkerontour.de\/wp-content\/uploads\/2012\/08\/DSC01277_thumb.jpg\" width=\"244\" height=\"184\"><\/a><\/p>\n<p>Anusha (links) und Jeanine: Anusha ist glaub ich 20 oder 21 und aus Wales. Sie ist in La Paz zu uns gestossen und war vorher allein einige Wochen in Argentinien unterwegs (wenn ich das richtig mitbekommen habe). Sie studiert in Birmingham und versteht sich ziemlich gut mit meinem Zimmernachbarn Calum (a.k.a. Colin). Insider (die ganze Gruppe) sind sich ziemlich sicher: Da geht nochwas! <img decoding=\"async\" style=\"border-bottom-style: none; border-left-style: none; border-top-style: none; border-right-style: none\" class=\"wlEmoticon wlEmoticon-winkingsmile\" alt=\"Zwinkerndes Smiley\" src=\"https:\/\/volkerontour.de\/wp-content\/uploads\/2012\/08\/wlEmoticon-winkingsmile1.png\">&nbsp;&nbsp;&nbsp;&nbsp;&nbsp;&nbsp;&nbsp; Jeanine ist 25 und aus Z\u00fcrich in der Schweiz. Sie hat die Tour (wie Calum, die Norweger und die Neuseel\u00e4nderinnen) in Rio begonnen und fliegt von Lima aus zur\u00fcck. Arbeitet bei ner Versicherung, hat sich aber gerade eine Auszeit geg\u00f6nnt. Sie hilft der ganzen Gruppe regelm\u00e4ssig durch ihre unglaublichen Sprachkenntnisse, denn sie spricht fliessend deutsch, englisch, franz\u00f6sisch, italienisch, (ganz wichtig) spanisch und portugisisch. Ohne sie w\u00e4re ich beim Klamottenkauf in Sucre aufgeschmissen gewesen. Sie schreibt ebenfalls st\u00e4ndig Tagebuch (in spanisch), und das mit einer Schrift, die so klein ist, dass ich sie kaum lesen kann. Seit der Abreise der anderen beiden Schweizer (Emmanuel und Tamara) in La Paz ist sie meine einzige M\u00f6glichkeit meine Heimatsprache nicht zu verlernen <img decoding=\"async\" style=\"border-bottom-style: none; border-left-style: none; border-top-style: none; border-right-style: none\" class=\"wlEmoticon wlEmoticon-smile\" alt=\"Smiley\" src=\"https:\/\/volkerontour.de\/wp-content\/uploads\/2012\/08\/wlEmoticon-smile5.png\"><\/p>\n<p><a href=\"https:\/\/volkerontour.de\/wp-content\/uploads\/2012\/08\/DSC01285.jpg\"><img loading=\"lazy\" decoding=\"async\" style=\"background-image: none; border-right-width: 0px; padding-left: 0px; padding-right: 0px; display: inline; border-top-width: 0px; border-bottom-width: 0px; border-left-width: 0px; padding-top: 0px\" title=\"DSC01285\" border=\"0\" alt=\"DSC01285\" src=\"https:\/\/volkerontour.de\/wp-content\/uploads\/2012\/08\/DSC01285_thumb.jpg\" width=\"244\" height=\"184\"><\/a>&nbsp;<a href=\"https:\/\/volkerontour.de\/wp-content\/uploads\/2012\/08\/DSC01284.jpg\"><img loading=\"lazy\" decoding=\"async\" style=\"background-image: none; border-right-width: 0px; padding-left: 0px; padding-right: 0px; display: inline; border-top-width: 0px; border-bottom-width: 0px; border-left-width: 0px; padding-top: 0px\" title=\"DSC01284\" border=\"0\" alt=\"DSC01284\" src=\"https:\/\/volkerontour.de\/wp-content\/uploads\/2012\/08\/DSC01284_thumb.jpg\" width=\"244\" height=\"184\"><\/a><\/p>\n<p>Anna (links) und Hanna: Beide 30 Jahre alt und aus Neuseeland. Sie kennen sich aus Schulzeiten und sind seitdem befreundet. Anna ist Ironmantriathletin und eine Sportmaschine. Demn\u00e4chst will sie den Shanghai-Marathon mitlaufen (\u00fcber die chinesische Mauer)\u2026 Ist sehr unkompliziert, interessiert, weltoffen und macht wirklich alles mit. Hanna hat zwar auch den neuseel\u00e4ndischen Pass, hat zuletzt aber zwei Jahre in Bangkok und eineinhalb Jahre in Shanghai gewohnt. Ihr Freund ist \u00fcbrigens Finne. Ihre n\u00e4chste Destination ist wahrscheinlich K\u00f6ln. Aktuell ist sie auch gerade mehrere Monate auf \u201cWelttournee\u201d. Wenn ich sie richtig verstanden habe gehts von Lima aus nach Quito in Ekuador, dann noch nach Kanada und Europa, bevor sie dann mit ihrem Freund entscheidet, wos weitergeht. Auch sie ist wirklich unkompliziert, man kommt superschnell mit ihr ins Gespr\u00e4ch. Durch Ihre vielen Erfahrungen an den verschiedenen Orten hat sie viel Interessantes zu erz\u00e4hlen\u2026<\/p>\n<p><a href=\"https:\/\/volkerontour.de\/wp-content\/uploads\/2012\/08\/DSC01281.jpg\"><img loading=\"lazy\" decoding=\"async\" style=\"background-image: none; border-right-width: 0px; margin: 0px; padding-left: 0px; padding-right: 0px; display: inline; border-top-width: 0px; border-bottom-width: 0px; border-left-width: 0px; padding-top: 0px\" title=\"DSC01281\" border=\"0\" alt=\"DSC01281\" src=\"https:\/\/volkerontour.de\/wp-content\/uploads\/2012\/08\/DSC01281_thumb.jpg\" width=\"244\" height=\"184\"><\/a><\/p>\n<p>Sabrina und Diego: \u00dcber die beiden weiss ich leider noch recht wenig. Obwohl beide sehr nett und immer freundlich sind, machen sie recht viel allein, vielleicht sind sie auch ein wenig sch\u00fcchtern. Sabrina hatte anfangs massive Probleme mit der H\u00f6he und ist deshalb auch ab und zu abends im Hotel geblieben. Beide sind aus Italien, wohl schon ne Weile zusammen, aber noch nicht verheiratet (glaub ich zumindest <img decoding=\"async\" style=\"border-bottom-style: none; border-left-style: none; border-top-style: none; border-right-style: none\" class=\"wlEmoticon wlEmoticon-smile\" alt=\"Smiley\" src=\"https:\/\/volkerontour.de\/wp-content\/uploads\/2012\/08\/wlEmoticon-smile5.png\">) Sie lebt in der Schweiz am Gardasee und er in Brecia. Diego arbeitet im IT-Bereich. Wie im letzten Blogeintrag geschrieben bestechen sie vor allem durch extreme Resistenz gegen\u00fcber einheimischen Speisen und bleiben hartn\u00e4ckig bei Pizza und Pasta (auch wenn diese nach deren Angaben nicht ganz so gut schmecken wie in Italien). Denke im Laufe der Zeit wird sich sicherlich noch einige Male die Gelegenheit ergeben beide noch n\u00e4her kennenzulernen\u2026<\/p>\n<p><a href=\"https:\/\/volkerontour.de\/wp-content\/uploads\/2012\/08\/DSC01280.jpg\"><img loading=\"lazy\" decoding=\"async\" style=\"background-image: none; border-right-width: 0px; padding-left: 0px; padding-right: 0px; display: inline; border-top-width: 0px; border-bottom-width: 0px; border-left-width: 0px; padding-top: 0px\" title=\"DSC01280\" border=\"0\" alt=\"DSC01280\" src=\"https:\/\/volkerontour.de\/wp-content\/uploads\/2012\/08\/DSC01280_thumb.jpg\" width=\"244\" height=\"184\"><\/a><\/p>\n<p>Shanks und Anita: Aus Australien und verheiratet. Er arbeitet ebenfalls im IT-Bereich\u2026 beide absolut unkompliziert und kontaktfreudig. Machen auch st\u00e4ndig untereinander Witze und nehmen sich selbst auf die Schippe. Ist manchmal einfach lustig den beiden zuzuh\u00f6ren und zuzusehen. Anita hat eine der fiesesten Lachen, die ich jemals geh\u00f6rt habe. Man muss einfach mitlachen! Shanks wird seit gestern nur noch Sch\u00e4fer Shanks gerufen (weil er und Anita zwei Stunden die Sch\u00e4fchen h\u00fcten durften und uns dabei auslachten wie wir die Zements\u00e4cke schleppten). Supercooles Paar. Glaube, sie waren nach 5 Sekunden in der Gruppe integriert\u2026<\/p>\n<p><a href=\"https:\/\/volkerontour.de\/wp-content\/uploads\/2012\/08\/DSC01286.jpg\"><img loading=\"lazy\" decoding=\"async\" style=\"background-image: none; border-right-width: 0px; padding-left: 0px; padding-right: 0px; display: inline; border-top-width: 0px; border-bottom-width: 0px; border-left-width: 0px; padding-top: 0px\" title=\"DSC01286\" border=\"0\" alt=\"DSC01286\" src=\"https:\/\/volkerontour.de\/wp-content\/uploads\/2012\/08\/DSC01286_thumb.jpg\" width=\"244\" height=\"184\"><\/a><\/p>\n<p>Genevieve (Gen) und Michelle (rechts): beide aus Australien, kannten sich aber vor dem Urlaub nicht. Gen ist in vielerlei Dingen ziemlich ausgeflippt (im positiven Sinn). Eigener Kleidungsstil, total witzige und irgendwie einzigartige Lebenseinstellung, K\u00fcnstlerin (singt gerne und spielt Gitarre). Hat sich in La Paz ne neue Gitarre gekauft und schleppt diese jetzt die ganze Zeit als Handgep\u00e4ck mit sich rum. Interessant sich mit ihr zu unterhalten und auch f\u00fcr jeden Spass zu haben. Michelle sollte etwa Ende 40 sein, was man ihrer Art \u00fcberhaupt nicht anmerkt\u2026 sie kommt mit jedem super klar, ist an jedem ernsthaft interessiert (hat sich auch schon mehrmals l\u00e4nger mit Calum unterhalten, der locker 30 Jahre j\u00fcnger ist) und hat einen unschlagbaren Humor. Manchmal muss ich wirklich kurz nachdenken, ob ich sie falsch verstanden habe, oder ob sie mich gerade \u00fcbelst ver\u00e4ppelt, was sie wirklich st\u00e4ndig macht <img decoding=\"async\" style=\"border-bottom-style: none; border-left-style: none; border-top-style: none; border-right-style: none\" class=\"wlEmoticon wlEmoticon-smile\" alt=\"Smiley\" src=\"https:\/\/volkerontour.de\/wp-content\/uploads\/2012\/08\/wlEmoticon-smile5.png\">&nbsp; Wirklich immer supergut gelaunt und immer f\u00fcr ein ernstes oder unernstes Gespr\u00e4ch zu haben.<\/p>\n<p><a href=\"https:\/\/volkerontour.de\/wp-content\/uploads\/2012\/08\/DSC01287.jpg\"><img loading=\"lazy\" decoding=\"async\" style=\"background-image: none; border-right-width: 0px; padding-left: 0px; padding-right: 0px; display: inline; border-top-width: 0px; border-bottom-width: 0px; border-left-width: 0px; padding-top: 0px\" title=\"DSC01287\" border=\"0\" alt=\"DSC01287\" src=\"https:\/\/volkerontour.de\/wp-content\/uploads\/2012\/08\/DSC01287_thumb.jpg\" width=\"184\" height=\"244\"><\/a><\/p>\n<p>Vielleicht noch ein, zwei Worte zu unserem (hier schlafenden) Guide Rrrrrrrrrruben. 35 Jahre alt, aus Peru stammend, und seit \u00fcber vier Jahren als Guide in Peru unterwegs. Er hat fast immer seine verspiegelte Oakleybrille auf und ein smartes Grinsen auf den Lippen (sofern er wach ist <img decoding=\"async\" style=\"border-bottom-style: none; border-left-style: none; border-top-style: none; border-right-style: none\" class=\"wlEmoticon wlEmoticon-smile\" alt=\"Smiley\" src=\"https:\/\/volkerontour.de\/wp-content\/uploads\/2012\/08\/wlEmoticon-smile5.png\">). Lockerer Typ, der sich gut auskennt und sicherlich f\u00fcr den ein oder anderen Insidertipp gut ist\u2026 schaun wir mal\u2026<\/p>\n<p>So, das w\u00e4ren dann alle\u2026 Ist eine super Gruppe. Interessante und lustige Leute aus der Boliviengruppe sind geblieben, neue und mindestens genauso interessante Leute sind dazugekommen. Der Altersschnitt ist ein wenig gestiegen und vor allem durch die vier Australier (die irgendwie alle verschieden sind, aber jeder auf seine Weise interessant ist) kam frischer Wind rein\u2026 <\/p>\n<p>So, wir sind wohl noch ne Weile unterwegs und ich werde es jetzt mal meinem Sitznachbarn Calum gleichtun und mich aufs Ohr legen\u2026 mal schaun, was heute Abend noch geht <img decoding=\"async\" style=\"border-bottom-style: none; border-left-style: none; border-top-style: none; border-right-style: none\" class=\"wlEmoticon wlEmoticon-smile\" alt=\"Smiley\" src=\"https:\/\/volkerontour.de\/wp-content\/uploads\/2012\/08\/wlEmoticon-smile5.png\"><\/p>\n<p>So, da bin ich wieder mit dem Rest des Tages\u2026 Gegen 15:00 erreichten wir Cusco\u2026 und bekamen Top-Wetter sowie angenehme Temperaturen, so dass endlich mal meine Sommerklamotten zum Einsatz kamen <img decoding=\"async\" style=\"border-bottom-style: none; border-left-style: none; border-top-style: none; border-right-style: none\" class=\"wlEmoticon wlEmoticon-smile\" alt=\"Smiley\" src=\"https:\/\/volkerontour.de\/wp-content\/uploads\/2012\/08\/wlEmoticon-smile5.png\"><\/p>\n<p><a href=\"https:\/\/volkerontour.de\/wp-content\/uploads\/2012\/08\/DSC01292.jpg\"><img loading=\"lazy\" decoding=\"async\" style=\"background-image: none; border-bottom: 0px; border-left: 0px; padding-left: 0px; padding-right: 0px; display: inline; border-top: 0px; border-right: 0px; padding-top: 0px\" title=\"DSC01292\" border=\"0\" alt=\"DSC01292\" src=\"https:\/\/volkerontour.de\/wp-content\/uploads\/2012\/08\/DSC01292_thumb.jpg\" width=\"244\" height=\"184\"><\/a>&nbsp;<a href=\"https:\/\/volkerontour.de\/wp-content\/uploads\/2012\/08\/DSC01291.jpg\"><img loading=\"lazy\" decoding=\"async\" style=\"background-image: none; border-bottom: 0px; border-left: 0px; padding-left: 0px; padding-right: 0px; display: inline; border-top: 0px; border-right: 0px; padding-top: 0px\" title=\"DSC01291\" border=\"0\" alt=\"DSC01291\" src=\"https:\/\/volkerontour.de\/wp-content\/uploads\/2012\/08\/DSC01291_thumb.jpg\" width=\"184\" height=\"244\"><\/a><\/p>\n<p>Da wir aufgrund eines Strassenfestes nicht direkt bis vor die T\u00fcr unseres Hotel fahren konnten mussten wir mir samt unserem Gep\u00e4ck erst noch ewig lange Treppenstufen hochgehen, so dass einige danach ne Ladung Sauerstoff brauchten <img decoding=\"async\" style=\"border-bottom-style: none; border-left-style: none; border-top-style: none; border-right-style: none\" class=\"wlEmoticon wlEmoticon-winkingsmile\" alt=\"Zwinkerndes Smiley\" src=\"https:\/\/volkerontour.de\/wp-content\/uploads\/2012\/08\/wlEmoticon-winkingsmile1.png\"><\/p>\n<p><a href=\"https:\/\/volkerontour.de\/wp-content\/uploads\/2012\/08\/DSC01294.jpg\"><img loading=\"lazy\" decoding=\"async\" style=\"background-image: none; border-bottom: 0px; border-left: 0px; padding-left: 0px; padding-right: 0px; display: inline; border-top: 0px; border-right: 0px; padding-top: 0px\" title=\"DSC01294\" border=\"0\" alt=\"DSC01294\" src=\"https:\/\/volkerontour.de\/wp-content\/uploads\/2012\/08\/DSC01294_thumb.jpg\" width=\"184\" height=\"244\"><\/a>&nbsp;<a href=\"https:\/\/volkerontour.de\/wp-content\/uploads\/2012\/08\/DSC01296.jpg\"><img loading=\"lazy\" decoding=\"async\" style=\"background-image: none; border-bottom: 0px; border-left: 0px; padding-left: 0px; padding-right: 0px; display: inline; border-top: 0px; border-right: 0px; padding-top: 0px\" title=\"DSC01296\" border=\"0\" alt=\"DSC01296\" src=\"https:\/\/volkerontour.de\/wp-content\/uploads\/2012\/08\/DSC01296_thumb.jpg\" width=\"184\" height=\"244\"><\/a><\/p>\n<p>Wir checkten in unserem wirklich sch\u00f6n gelegenen Hotel mit toller Aussicht auf die Stadt ein\u2026<\/p>\n<p><a href=\"https:\/\/volkerontour.de\/wp-content\/uploads\/2012\/08\/DSC01298.jpg\"><img loading=\"lazy\" decoding=\"async\" style=\"background-image: none; border-bottom: 0px; border-left: 0px; padding-left: 0px; padding-right: 0px; display: inline; border-top: 0px; border-right: 0px; padding-top: 0px\" title=\"DSC01298\" border=\"0\" alt=\"DSC01298\" src=\"https:\/\/volkerontour.de\/wp-content\/uploads\/2012\/08\/DSC01298_thumb.jpg\" width=\"244\" height=\"184\"><\/a>&nbsp;<a href=\"https:\/\/volkerontour.de\/wp-content\/uploads\/2012\/08\/DSC01300.jpg\"><img loading=\"lazy\" decoding=\"async\" style=\"background-image: none; border-bottom: 0px; border-left: 0px; padding-left: 0px; padding-right: 0px; display: inline; border-top: 0px; border-right: 0px; padding-top: 0px\" title=\"DSC01300\" border=\"0\" alt=\"DSC01300\" src=\"https:\/\/volkerontour.de\/wp-content\/uploads\/2012\/08\/DSC01300_thumb.jpg\" width=\"244\" height=\"184\"><\/a><\/p>\n<p>Die Wartezeit bis wir in unsere Zimmer konnten wurde von Gen mit sehr angenehmer Musik inklusive Gesang verk\u00fcrzt\u2026 sie kann wirklich toll singen\u2026<\/p>\n<p><a href=\"https:\/\/volkerontour.de\/wp-content\/uploads\/2012\/08\/DSC01303.jpg\"><img loading=\"lazy\" decoding=\"async\" style=\"background-image: none; border-bottom: 0px; border-left: 0px; padding-left: 0px; padding-right: 0px; display: inline; border-top: 0px; border-right: 0px; padding-top: 0px\" title=\"DSC01303\" border=\"0\" alt=\"DSC01303\" src=\"https:\/\/volkerontour.de\/wp-content\/uploads\/2012\/08\/DSC01303_thumb.jpg\" width=\"244\" height=\"184\"><\/a>&nbsp;<a href=\"https:\/\/volkerontour.de\/wp-content\/uploads\/2012\/08\/DSC01308.jpg\"><img loading=\"lazy\" decoding=\"async\" style=\"background-image: none; border-bottom: 0px; border-left: 0px; padding-left: 0px; padding-right: 0px; display: inline; border-top: 0px; border-right: 0px; padding-top: 0px\" title=\"DSC01308\" border=\"0\" alt=\"DSC01308\" src=\"https:\/\/volkerontour.de\/wp-content\/uploads\/2012\/08\/DSC01308_thumb.jpg\" width=\"244\" height=\"184\"><\/a><\/p>\n<p>Kurz nach f\u00fcnf machten wir uns dann auf den Weg in die Stadt um noch eine Kleinigkeit zu essen\u2026 Dabei kamen wir an wirklich sch\u00f6nen Pl\u00e4tzen vorbei. Scheint eine sehr angenehme Stadt zu sein. Da wir ja noch ne Weile da sind werde ich sicherlich Gelegenheit haben, die Stadt noch ein wenig intensiver zu erkunden\u2026<\/p>\n<p><a href=\"https:\/\/volkerontour.de\/wp-content\/uploads\/2012\/08\/DSC01313.jpg\"><img loading=\"lazy\" decoding=\"async\" style=\"background-image: none; border-bottom: 0px; border-left: 0px; padding-left: 0px; padding-right: 0px; display: inline; border-top: 0px; border-right: 0px; padding-top: 0px\" title=\"DSC01313\" border=\"0\" alt=\"DSC01313\" src=\"https:\/\/volkerontour.de\/wp-content\/uploads\/2012\/08\/DSC01313_thumb.jpg\" width=\"244\" height=\"184\"><\/a>&nbsp;<a href=\"https:\/\/volkerontour.de\/wp-content\/uploads\/2012\/08\/DSC01314.jpg\"><img loading=\"lazy\" decoding=\"async\" style=\"background-image: none; border-bottom: 0px; border-left: 0px; padding-left: 0px; padding-right: 0px; display: inline; border-top: 0px; border-right: 0px; padding-top: 0px\" title=\"DSC01314\" border=\"0\" alt=\"DSC01314\" src=\"https:\/\/volkerontour.de\/wp-content\/uploads\/2012\/08\/DSC01314_thumb.jpg\" width=\"244\" height=\"184\"><\/a><\/p>\n<p><a href=\"https:\/\/volkerontour.de\/wp-content\/uploads\/2012\/08\/DSC01316.jpg\"><img loading=\"lazy\" decoding=\"async\" style=\"background-image: none; border-bottom: 0px; border-left: 0px; padding-left: 0px; padding-right: 0px; display: inline; border-top: 0px; border-right: 0px; padding-top: 0px\" title=\"DSC01316\" border=\"0\" alt=\"DSC01316\" src=\"https:\/\/volkerontour.de\/wp-content\/uploads\/2012\/08\/DSC01316_thumb.jpg\" width=\"244\" height=\"184\"><\/a>&nbsp;<a href=\"https:\/\/volkerontour.de\/wp-content\/uploads\/2012\/08\/DSC01321.jpg\"><img loading=\"lazy\" decoding=\"async\" style=\"background-image: none; border-bottom: 0px; border-left: 0px; padding-left: 0px; padding-right: 0px; display: inline; border-top: 0px; border-right: 0px; padding-top: 0px\" title=\"DSC01321\" border=\"0\" alt=\"DSC01321\" src=\"https:\/\/volkerontour.de\/wp-content\/uploads\/2012\/08\/DSC01321_thumb.jpg\" width=\"244\" height=\"184\"><\/a><\/p>\n<p>Wir schlugen in seinem netten Bistro auf. Es gab leckere Sandwiches und noch leckereren Nachtisch\u2026<\/p>\n<p><a href=\"https:\/\/volkerontour.de\/wp-content\/uploads\/2012\/08\/DSC01319.jpg\"><img loading=\"lazy\" decoding=\"async\" style=\"background-image: none; border-bottom: 0px; border-left: 0px; padding-left: 0px; padding-right: 0px; display: inline; border-top: 0px; border-right: 0px; padding-top: 0px\" title=\"DSC01319\" border=\"0\" alt=\"DSC01319\" src=\"https:\/\/volkerontour.de\/wp-content\/uploads\/2012\/08\/DSC01319_thumb.jpg\" width=\"244\" height=\"184\"><\/a>&nbsp;<a href=\"https:\/\/volkerontour.de\/wp-content\/uploads\/2012\/08\/DSC01320.jpg\"><img loading=\"lazy\" decoding=\"async\" style=\"background-image: none; border-bottom: 0px; border-left: 0px; padding-left: 0px; padding-right: 0px; display: inline; border-top: 0px; border-right: 0px; padding-top: 0px\" title=\"DSC01320\" border=\"0\" alt=\"DSC01320\" src=\"https:\/\/volkerontour.de\/wp-content\/uploads\/2012\/08\/DSC01320_thumb.jpg\" width=\"184\" height=\"244\"><\/a><\/p>\n<p>Da wir morgen nicht so fr\u00fch aufstehen m\u00fcssen schlugen einige vor noch ein bisschen in Cusco on Tour zu gehen, was bei fast allem auf Zuspruch stiess. Nach einem kurzen \u201cAufw\u00e4rmen\u201d im Aufenthaltsraum des Hotels\u2026<\/p>\n<p><a href=\"https:\/\/volkerontour.de\/wp-content\/uploads\/2012\/08\/DSC01324.jpg\"><img loading=\"lazy\" decoding=\"async\" style=\"background-image: none; border-bottom: 0px; border-left: 0px; padding-left: 0px; padding-right: 0px; display: inline; border-top: 0px; border-right: 0px; padding-top: 0px\" title=\"DSC01324\" border=\"0\" alt=\"DSC01324\" src=\"https:\/\/volkerontour.de\/wp-content\/uploads\/2012\/08\/DSC01324_thumb.jpg\" width=\"244\" height=\"184\"><\/a>&nbsp;<a href=\"https:\/\/volkerontour.de\/wp-content\/uploads\/2012\/08\/DSC01326.jpg\"><img loading=\"lazy\" decoding=\"async\" style=\"background-image: none; border-bottom: 0px; border-left: 0px; padding-left: 0px; padding-right: 0px; display: inline; border-top: 0px; border-right: 0px; padding-top: 0px\" title=\"DSC01326\" border=\"0\" alt=\"DSC01326\" src=\"https:\/\/volkerontour.de\/wp-content\/uploads\/2012\/08\/DSC01326_thumb.jpg\" width=\"244\" height=\"184\"><\/a><\/p>\n<p>\u2026 ging es dann weiter in den h\u00f6chstgelegenen Irish Pub der Welt\u2026 <\/p>\n<p><a href=\"https:\/\/volkerontour.de\/wp-content\/uploads\/2012\/08\/DSC01338.jpg\"><img loading=\"lazy\" decoding=\"async\" style=\"background-image: none; border-bottom: 0px; border-left: 0px; padding-left: 0px; padding-right: 0px; display: inline; border-top: 0px; border-right: 0px; padding-top: 0px\" title=\"DSC01338\" border=\"0\" alt=\"DSC01338\" src=\"https:\/\/volkerontour.de\/wp-content\/uploads\/2012\/08\/DSC01338_thumb.jpg\" width=\"244\" height=\"184\"><\/a>&nbsp;<a href=\"https:\/\/volkerontour.de\/wp-content\/uploads\/2012\/08\/DSC01347.jpg\"><img loading=\"lazy\" decoding=\"async\" style=\"background-image: none; border-bottom: 0px; border-left: 0px; padding-left: 0px; padding-right: 0px; display: inline; border-top: 0px; border-right: 0px; padding-top: 0px\" title=\"DSC01347\" border=\"0\" alt=\"DSC01347\" src=\"https:\/\/volkerontour.de\/wp-content\/uploads\/2012\/08\/DSC01347_thumb.jpg\" width=\"244\" height=\"184\"><\/a><\/p>\n<p>Der Abend wurde schliesslich in einer kleinen Diskothek namens \u201cMythology\u201d beschlossen. Hier waren dann aufgrund mehrerer alkoholischer Getr\u00e4nke \u00fcber den Abend verteilt einige nicht mehr so ganz zurechnungsf\u00e4hig <img decoding=\"async\" style=\"border-bottom-style: none; border-left-style: none; border-top-style: none; border-right-style: none\" class=\"wlEmoticon wlEmoticon-smile\" alt=\"Smiley\" src=\"https:\/\/volkerontour.de\/wp-content\/uploads\/2012\/08\/wlEmoticon-smile5.png\"><\/p>\n<p><a href=\"https:\/\/volkerontour.de\/wp-content\/uploads\/2012\/08\/DSC01360.jpg\"><img loading=\"lazy\" decoding=\"async\" style=\"background-image: none; border-bottom: 0px; border-left: 0px; padding-left: 0px; padding-right: 0px; display: inline; border-top: 0px; border-right: 0px; padding-top: 0px\" title=\"DSC01360\" border=\"0\" alt=\"DSC01360\" src=\"https:\/\/volkerontour.de\/wp-content\/uploads\/2012\/08\/DSC01360_thumb.jpg\" width=\"244\" height=\"184\"><\/a>&nbsp;<a href=\"https:\/\/volkerontour.de\/wp-content\/uploads\/2012\/08\/DSC01359.jpg\"><img loading=\"lazy\" decoding=\"async\" style=\"background-image: none; border-bottom: 0px; border-left: 0px; padding-left: 0px; padding-right: 0px; display: inline; border-top: 0px; border-right: 0px; padding-top: 0px\" title=\"DSC01359\" border=\"0\" alt=\"DSC01359\" src=\"https:\/\/volkerontour.de\/wp-content\/uploads\/2012\/08\/DSC01359_thumb.jpg\" width=\"244\" height=\"184\"><\/a><\/p>\n<p><a href=\"https:\/\/volkerontour.de\/wp-content\/uploads\/2012\/08\/DSC01362.jpg\"><img loading=\"lazy\" decoding=\"async\" style=\"background-image: none; border-bottom: 0px; border-left: 0px; padding-left: 0px; padding-right: 0px; display: inline; border-top: 0px; border-right: 0px; padding-top: 0px\" title=\"DSC01362\" border=\"0\" alt=\"DSC01362\" src=\"https:\/\/volkerontour.de\/wp-content\/uploads\/2012\/08\/DSC01362_thumb.jpg\" width=\"244\" height=\"184\"><\/a>&nbsp;<a href=\"https:\/\/volkerontour.de\/wp-content\/uploads\/2012\/08\/DSC01377.jpg\"><img loading=\"lazy\" decoding=\"async\" style=\"background-image: none; border-bottom: 0px; border-left: 0px; padding-left: 0px; padding-right: 0px; display: inline; border-top: 0px; border-right: 0px; padding-top: 0px\" title=\"DSC01377\" border=\"0\" alt=\"DSC01377\" src=\"https:\/\/volkerontour.de\/wp-content\/uploads\/2012\/08\/DSC01377_thumb.jpg\" width=\"244\" height=\"184\"><\/a><\/p>\n<p>Tja, witzig wars auch mal mit den Leuten richtig abzufeiern\u2026 bei mir ists jetzt schon nach halb drei, weswegen ich jetzt auch mal ins Bett gehen werde. Morgen fr\u00fch gehts dann f\u00fcr drei Tage in den Amazonasdschungel, also auch wieder W-Lan ziemlich unwahrscheinlich. Wird dann wohl erst Donnerstag Morgen, bis es hier wieder was Neues zu lesen ist\u2026 daf\u00fcr wird das dann hoffentlich wieder ziemlich spektakul\u00e4r werden\u2026 bin mal gespannt was da auf mich zukommt\u2026<\/p>\n<p>Zum Grusse <img decoding=\"async\" style=\"border-bottom-style: none; border-left-style: none; border-top-style: none; border-right-style: none\" class=\"wlEmoticon wlEmoticon-smile\" alt=\"Smiley\" src=\"https:\/\/volkerontour.de\/wp-content\/uploads\/2012\/08\/wlEmoticon-smile5.png\"><\/p>\n<p>Volker<\/p>\n","protected":false},"excerpt":{"rendered":"<p>Sonntag, 05.08.: Hallo und wundersch\u00f6nen guten Morgen zusammen! In Peru ist es genau 10:37 Uhr am Morgen und ich sitze im Bus von Puno nach Cusco\u2026 Die Fahrt wird voraussichtlich etwa sieben Stunden dauern, so dass ich noch einige Zeit &hellip; <a href=\"https:\/\/volkerontour.de\/?p=698\">Weiterlesen <span class=\"meta-nav\">&rarr;<\/span><\/a><\/p>\n","protected":false},"author":3,"featured_media":0,"comment_status":"closed","ping_status":"open","sticky":false,"template":"","format":"standard","meta":{"footnotes":""},"categories":[1],"tags":[],"class_list":["post-698","post","type-post","status-publish","format-standard","hentry","category-uncategorized"],"_links":{"self":[{"href":"https:\/\/volkerontour.de\/index.php?rest_route=\/wp\/v2\/posts\/698","targetHints":{"allow":["GET"]}}],"collection":[{"href":"https:\/\/volkerontour.de\/index.php?rest_route=\/wp\/v2\/posts"}],"about":[{"href":"https:\/\/volkerontour.de\/index.php?rest_route=\/wp\/v2\/types\/post"}],"author":[{"embeddable":true,"href":"https:\/\/volkerontour.de\/index.php?rest_route=\/wp\/v2\/users\/3"}],"replies":[{"embeddable":true,"href":"https:\/\/volkerontour.de\/index.php?rest_route=%2Fwp%2Fv2%2Fcomments&post=698"}],"version-history":[{"count":0,"href":"https:\/\/volkerontour.de\/index.php?rest_route=\/wp\/v2\/posts\/698\/revisions"}],"wp:attachment":[{"href":"https:\/\/volkerontour.de\/index.php?rest_route=%2Fwp%2Fv2%2Fmedia&parent=698"}],"wp:term":[{"taxonomy":"category","embeddable":true,"href":"https:\/\/volkerontour.de\/index.php?rest_route=%2Fwp%2Fv2%2Fcategories&post=698"},{"taxonomy":"post_tag","embeddable":true,"href":"https:\/\/volkerontour.de\/index.php?rest_route=%2Fwp%2Fv2%2Ftags&post=698"}],"curies":[{"name":"wp","href":"https:\/\/api.w.org\/{rel}","templated":true}]}}