{"id":7043,"date":"2014-05-21T06:17:37","date_gmt":"2014-05-21T06:17:37","guid":{"rendered":"http:\/\/volkerontour.de\/?p=7043"},"modified":"2014-05-21T06:17:37","modified_gmt":"2014-05-21T06:17:37","slug":"tag-18-william-creek","status":"publish","type":"post","link":"https:\/\/volkerontour.de\/?p=7043","title":{"rendered":"Tag 18: William Creek"},"content":{"rendered":"<p>Dienstag, 20.05.: Hallo zusammen. Wie gestern geschrieben wollte ich mir heute Morgen mal den Sonnenaufgang von der Beltana Station aus ansehen. Nachdem ich erstmal ne halbe Stunde zu fr\u00fch war musste ich beim zweiten Versuch gegen sieben Uhr feststellen, dass der Himmel voller Wolken war und man leider nicht so wirklich viel vom Sonnenaufgang sehen konnte <img decoding=\"async\" class=\"wlEmoticon wlEmoticon-sadsmile\" style=\"border-top-style: none; border-bottom-style: none; border-right-style: none; border-left-style: none\" alt=\"Trauriges Smiley\" src=\"https:\/\/volkerontour.de\/wp-content\/uploads\/2014\/05\/wlEmoticon-sadsmile11.png\"> Da wir heute erst recht sp\u00e4t losfuhren (gegen 9 Uhr) war noch genug Zeit\u2026 na, f\u00fcr was wohl? Na klar n kleines L\u00e4ufchen. Viel gab es leider auch heute Morgen nicht zu sehen\u2026 zumindest n bissl Sonnenaufgang ging dann doch noch.<\/p>\n<p><a href=\"https:\/\/volkerontour.de\/wp-content\/uploads\/2014\/05\/P1010770.jpg\"><img loading=\"lazy\" decoding=\"async\" title=\"P1010770\" style=\"border-left-width: 0px; border-right-width: 0px; background-image: none; border-bottom-width: 0px; padding-top: 0px; padding-left: 0px; display: inline; padding-right: 0px; border-top-width: 0px\" border=\"0\" alt=\"P1010770\" src=\"https:\/\/volkerontour.de\/wp-content\/uploads\/2014\/05\/P1010770_thumb.jpg\" width=\"244\" height=\"184\"><\/a>&nbsp;<a href=\"https:\/\/volkerontour.de\/wp-content\/uploads\/2014\/05\/P1010774.jpg\"><img loading=\"lazy\" decoding=\"async\" title=\"P1010774\" style=\"border-left-width: 0px; border-right-width: 0px; background-image: none; border-bottom-width: 0px; padding-top: 0px; padding-left: 0px; display: inline; padding-right: 0px; border-top-width: 0px\" border=\"0\" alt=\"P1010774\" src=\"https:\/\/volkerontour.de\/wp-content\/uploads\/2014\/05\/P1010774_thumb.jpg\" width=\"244\" height=\"184\"><\/a><\/p>\n<p><a href=\"https:\/\/volkerontour.de\/wp-content\/uploads\/2014\/05\/P1010775.jpg\"><img loading=\"lazy\" decoding=\"async\" title=\"P1010775\" style=\"border-left-width: 0px; border-right-width: 0px; background-image: none; border-bottom-width: 0px; padding-top: 0px; padding-left: 0px; display: inline; padding-right: 0px; border-top-width: 0px\" border=\"0\" alt=\"P1010775\" src=\"https:\/\/volkerontour.de\/wp-content\/uploads\/2014\/05\/P1010775_thumb.jpg\" width=\"244\" height=\"184\"><\/a>&nbsp;<a href=\"https:\/\/volkerontour.de\/wp-content\/uploads\/2014\/05\/P1010777.jpg\"><img loading=\"lazy\" decoding=\"async\" title=\"P1010777\" style=\"border-left-width: 0px; border-right-width: 0px; background-image: none; border-bottom-width: 0px; padding-top: 0px; padding-left: 0px; display: inline; padding-right: 0px; border-top-width: 0px\" border=\"0\" alt=\"P1010777\" src=\"https:\/\/volkerontour.de\/wp-content\/uploads\/2014\/05\/P1010777_thumb.jpg\" width=\"244\" height=\"184\"><\/a><\/p>\n<p>Nach einem fixen Fr\u00fchst\u00fcck ging es dann p\u00fcnktlich los Richtung William Creek. Da wir heute \u00fcber ziemlich ruppige Strassen fuhren und die Heckscheibe scheinbar etwas locker war, fixierte Stuart diese noch fachm\u00e4nnisch mit ein paar Pappen <img decoding=\"async\" class=\"wlEmoticon wlEmoticon-smile\" style=\"border-top-style: none; border-bottom-style: none; border-right-style: none; border-left-style: none\" alt=\"Smiley\" src=\"https:\/\/volkerontour.de\/wp-content\/uploads\/2014\/05\/wlEmoticon-smile18.png\"> zumindest so fachm\u00e4nnisch, dass die \u201cStationsmama\u201d Laura seine kleine daraus entstandene Schnittwunde verarzten musste.<\/p>\n<p><a href=\"https:\/\/volkerontour.de\/wp-content\/uploads\/2014\/05\/P1010780.jpg\"><img loading=\"lazy\" decoding=\"async\" title=\"P1010780\" style=\"border-left-width: 0px; border-right-width: 0px; background-image: none; border-bottom-width: 0px; padding-top: 0px; padding-left: 0px; display: inline; padding-right: 0px; border-top-width: 0px\" border=\"0\" alt=\"P1010780\" src=\"https:\/\/volkerontour.de\/wp-content\/uploads\/2014\/05\/P1010780_thumb.jpg\" width=\"244\" height=\"184\"><\/a>&nbsp;<a href=\"https:\/\/volkerontour.de\/wp-content\/uploads\/2014\/05\/P1010779.jpg\"><img loading=\"lazy\" decoding=\"async\" title=\"P1010779\" style=\"border-left-width: 0px; border-right-width: 0px; background-image: none; border-bottom-width: 0px; padding-top: 0px; padding-left: 0px; display: inline; padding-right: 0px; border-top-width: 0px\" border=\"0\" alt=\"P1010779\" src=\"https:\/\/volkerontour.de\/wp-content\/uploads\/2014\/05\/P1010779_thumb.jpg\" width=\"244\" height=\"184\"><\/a><\/p>\n<p>Bis nach William Creek waren es eigentlich \u201cnur\u201d etwa 250km. Da wir aber gr\u00f6sstenteils (wie oben erw\u00e4hnt) \u00fcber Schotterstrassen und mitten durchs Gel\u00e4nde fuhren, kamen wir nicht sonderlich schnell voran.<\/p>\n<p><a href=\"https:\/\/volkerontour.de\/wp-content\/uploads\/2014\/05\/IMG_2111.jpg\"><img loading=\"lazy\" decoding=\"async\" title=\"IMG_2111\" style=\"border-left-width: 0px; border-right-width: 0px; background-image: none; border-bottom-width: 0px; padding-top: 0px; padding-left: 0px; display: inline; padding-right: 0px; border-top-width: 0px\" border=\"0\" alt=\"IMG_2111\" src=\"https:\/\/volkerontour.de\/wp-content\/uploads\/2014\/05\/IMG_2111_thumb.jpg\" width=\"244\" height=\"184\"><\/a>&nbsp;<a href=\"https:\/\/volkerontour.de\/wp-content\/uploads\/2014\/05\/IMG_2112.jpg\"><img loading=\"lazy\" decoding=\"async\" title=\"IMG_2112\" style=\"border-left-width: 0px; border-right-width: 0px; background-image: none; border-bottom-width: 0px; padding-top: 0px; padding-left: 0px; display: inline; padding-right: 0px; border-top-width: 0px\" border=\"0\" alt=\"IMG_2112\" src=\"https:\/\/volkerontour.de\/wp-content\/uploads\/2014\/05\/IMG_2112_thumb.jpg\" width=\"244\" height=\"184\"><\/a><\/p>\n<p><a href=\"https:\/\/volkerontour.de\/wp-content\/uploads\/2014\/05\/IMG_2117.jpg\"><img loading=\"lazy\" decoding=\"async\" title=\"IMG_2117\" style=\"border-left-width: 0px; border-right-width: 0px; background-image: none; border-bottom-width: 0px; padding-top: 0px; padding-left: 0px; display: inline; padding-right: 0px; border-top-width: 0px\" border=\"0\" alt=\"IMG_2117\" src=\"https:\/\/volkerontour.de\/wp-content\/uploads\/2014\/05\/IMG_2117_thumb.jpg\" width=\"244\" height=\"184\"><\/a>&nbsp;<a href=\"https:\/\/volkerontour.de\/wp-content\/uploads\/2014\/05\/IMG_2128.jpg\"><img loading=\"lazy\" decoding=\"async\" title=\"IMG_2128\" style=\"border-left-width: 0px; border-right-width: 0px; background-image: none; border-bottom-width: 0px; padding-top: 0px; padding-left: 0px; display: inline; padding-right: 0px; border-top-width: 0px\" border=\"0\" alt=\"IMG_2128\" src=\"https:\/\/volkerontour.de\/wp-content\/uploads\/2014\/05\/IMG_2128_thumb.jpg\" width=\"244\" height=\"184\"><\/a><\/p>\n<p>Nach etwa zwei Stunden Fahrt machten wir einen kurzen Stopp im etwa 40 Einwohner z\u00e4hlenden Kaff \u201cLyndhurst\u201d. Leider war die \u00f6rtliche Tankstelle geschlossen\u2026 Pech f\u00fcr alle die, die nicht mehr genug Sprit f\u00fcr weitere 473km hatten <img decoding=\"async\" class=\"wlEmoticon wlEmoticon-sadsmile\" style=\"border-top-style: none; border-bottom-style: none; border-right-style: none; border-left-style: none\" alt=\"Trauriges Smiley\" src=\"https:\/\/volkerontour.de\/wp-content\/uploads\/2014\/05\/wlEmoticon-sadsmile11.png\"><\/p>\n<p><a href=\"https:\/\/volkerontour.de\/wp-content\/uploads\/2014\/05\/P1010781.jpg\"><img loading=\"lazy\" decoding=\"async\" title=\"P1010781\" style=\"border-left-width: 0px; border-right-width: 0px; background-image: none; border-bottom-width: 0px; padding-top: 0px; padding-left: 0px; display: inline; padding-right: 0px; border-top-width: 0px\" border=\"0\" alt=\"P1010781\" src=\"https:\/\/volkerontour.de\/wp-content\/uploads\/2014\/05\/P1010781_thumb.jpg\" width=\"244\" height=\"184\"><\/a>&nbsp;<a href=\"https:\/\/volkerontour.de\/wp-content\/uploads\/2014\/05\/P1010784.jpg\"><img loading=\"lazy\" decoding=\"async\" title=\"P1010784\" style=\"border-left-width: 0px; border-right-width: 0px; background-image: none; border-bottom-width: 0px; padding-top: 0px; padding-left: 0px; display: inline; padding-right: 0px; border-top-width: 0px\" border=\"0\" alt=\"P1010784\" src=\"https:\/\/volkerontour.de\/wp-content\/uploads\/2014\/05\/P1010784_thumb.jpg\" width=\"244\" height=\"184\"><\/a><\/p>\n<p><a href=\"https:\/\/volkerontour.de\/wp-content\/uploads\/2014\/05\/P1010783.jpg\"><img loading=\"lazy\" decoding=\"async\" title=\"P1010783\" style=\"border-left-width: 0px; border-right-width: 0px; background-image: none; border-bottom-width: 0px; padding-top: 0px; padding-left: 0px; display: inline; padding-right: 0px; border-top-width: 0px\" border=\"0\" alt=\"P1010783\" src=\"https:\/\/volkerontour.de\/wp-content\/uploads\/2014\/05\/P1010783_thumb.jpg\" width=\"244\" height=\"184\"><\/a>&nbsp;<a href=\"https:\/\/volkerontour.de\/wp-content\/uploads\/2014\/05\/P1010782.jpg\"><img loading=\"lazy\" decoding=\"async\" title=\"P1010782\" style=\"border-left-width: 0px; border-right-width: 0px; background-image: none; border-bottom-width: 0px; padding-top: 0px; padding-left: 0px; display: inline; padding-right: 0px; border-top-width: 0px\" border=\"0\" alt=\"P1010782\" src=\"https:\/\/volkerontour.de\/wp-content\/uploads\/2014\/05\/P1010782_thumb.jpg\" width=\"244\" height=\"184\"><\/a><\/p>\n<p>Etwa drei Kilometer ausserhalb dieser Metropole stiessen wir dann auf den n\u00e4chsten \u201cUreinwohner\u201d. \u201cAlf\u201d war passenderweise sein Name. \u201cDon`t take him too serious my friends. Sometimes he`s hart to understand, but he`s really funny!\u201d meinte Stuart. Alf ist ein 69-j\u00e4hriger \u201cK\u00fcnstler\u201d, der seit etwa 40 Jahren ziemlich alleine mitten in der Pampa wohnt, seine Speckstein-Kunstwerke fertigt und ab und zu Besuch empf\u00e4ngt. Ein sehr gew\u00f6hnungsbed\u00fcrftiger Typ\u2026 <img decoding=\"async\" class=\"wlEmoticon wlEmoticon-smile\" style=\"border-top-style: none; border-bottom-style: none; border-right-style: none; border-left-style: none\" alt=\"Smiley\" src=\"https:\/\/volkerontour.de\/wp-content\/uploads\/2014\/05\/wlEmoticon-smile18.png\"><\/p>\n<p><a href=\"https:\/\/volkerontour.de\/wp-content\/uploads\/2014\/05\/P1010785.jpg\"><img loading=\"lazy\" decoding=\"async\" title=\"P1010785\" style=\"border-left-width: 0px; border-right-width: 0px; background-image: none; border-bottom-width: 0px; padding-top: 0px; padding-left: 0px; display: inline; padding-right: 0px; border-top-width: 0px\" border=\"0\" alt=\"P1010785\" src=\"https:\/\/volkerontour.de\/wp-content\/uploads\/2014\/05\/P1010785_thumb.jpg\" width=\"244\" height=\"184\"><\/a>&nbsp;<a href=\"https:\/\/volkerontour.de\/wp-content\/uploads\/2014\/05\/P1010789.jpg\"><img loading=\"lazy\" decoding=\"async\" title=\"P1010789\" style=\"border-left-width: 0px; border-right-width: 0px; background-image: none; border-bottom-width: 0px; padding-top: 0px; padding-left: 0px; display: inline; padding-right: 0px; border-top-width: 0px\" border=\"0\" alt=\"P1010789\" src=\"https:\/\/volkerontour.de\/wp-content\/uploads\/2014\/05\/P1010789_thumb.jpg\" width=\"244\" height=\"184\"><\/a><\/p>\n<p><a href=\"https:\/\/volkerontour.de\/wp-content\/uploads\/2014\/05\/P1010786.jpg\"><img loading=\"lazy\" decoding=\"async\" title=\"P1010786\" style=\"border-left-width: 0px; border-right-width: 0px; background-image: none; border-bottom-width: 0px; padding-top: 0px; padding-left: 0px; display: inline; padding-right: 0px; border-top-width: 0px\" border=\"0\" alt=\"P1010786\" src=\"https:\/\/volkerontour.de\/wp-content\/uploads\/2014\/05\/P1010786_thumb.jpg\" width=\"244\" height=\"184\"><\/a>&nbsp;<a href=\"https:\/\/volkerontour.de\/wp-content\/uploads\/2014\/05\/P1010790.jpg\"><img loading=\"lazy\" decoding=\"async\" title=\"P1010790\" style=\"border-left-width: 0px; border-right-width: 0px; background-image: none; border-bottom-width: 0px; padding-top: 0px; padding-left: 0px; display: inline; padding-right: 0px; border-top-width: 0px\" border=\"0\" alt=\"P1010790\" src=\"https:\/\/volkerontour.de\/wp-content\/uploads\/2014\/05\/P1010790_thumb.jpg\" width=\"244\" height=\"184\"><\/a><\/p>\n<p>Wir fuhren weiter zu \u201cOrche-Schlucht\u201d, ein Ort, der den Aborigines hier in Australien heilig ist. Spektakul\u00e4r sind vor allem die vielen verschiedenen Farben, weswegen die Schlucht auch ein sehr beliebtes Motiv f\u00fcr Postkarten ist.<\/p>\n<p><a href=\"https:\/\/volkerontour.de\/wp-content\/uploads\/2014\/05\/IMG_2119.jpg\"><img loading=\"lazy\" decoding=\"async\" title=\"IMG_2119\" style=\"border-left-width: 0px; border-right-width: 0px; background-image: none; border-bottom-width: 0px; padding-top: 0px; padding-left: 0px; display: inline; padding-right: 0px; border-top-width: 0px\" border=\"0\" alt=\"IMG_2119\" src=\"https:\/\/volkerontour.de\/wp-content\/uploads\/2014\/05\/IMG_2119_thumb.jpg\" width=\"244\" height=\"184\"><\/a>&nbsp;<a href=\"https:\/\/volkerontour.de\/wp-content\/uploads\/2014\/05\/IMG_2122.jpg\"><img loading=\"lazy\" decoding=\"async\" title=\"IMG_2122\" style=\"border-left-width: 0px; border-right-width: 0px; background-image: none; border-bottom-width: 0px; padding-top: 0px; padding-left: 0px; display: inline; padding-right: 0px; border-top-width: 0px\" border=\"0\" alt=\"IMG_2122\" src=\"https:\/\/volkerontour.de\/wp-content\/uploads\/2014\/05\/IMG_2122_thumb.jpg\" width=\"244\" height=\"184\"><\/a><\/p>\n<p>Unser Mittagessen (es gab mal wieder Wraps) nahmen wir ein paar Kilometer weiter in \u201cMarree\u201d ein. Auch dieser Ort sollte (meiner Meinung nach) die 100-Einwohner-Grenze bei weitem nicht \u00fcberschreiten. Inzwischen war es auch ziemlich heiss\u2026 schon ein deutlicher Temperaturunterschied zum S\u00fcden und Westen des Landes\u2026 Richtig witzig ist auch (auf dem Bild unten rechts) der Marree Yacht Club, denn der dazugeh\u00f6rige See hat in etwa aller 20 Jahre \u00fcberhaupt mal Wasser\u2026 <img decoding=\"async\" class=\"wlEmoticon wlEmoticon-smile\" style=\"border-top-style: none; border-bottom-style: none; border-right-style: none; border-left-style: none\" alt=\"Smiley\" src=\"https:\/\/volkerontour.de\/wp-content\/uploads\/2014\/05\/wlEmoticon-smile18.png\"><\/p>\n<p><a href=\"https:\/\/volkerontour.de\/wp-content\/uploads\/2014\/05\/P1010792.jpg\"><img loading=\"lazy\" decoding=\"async\" title=\"P1010792\" style=\"border-left-width: 0px; border-right-width: 0px; background-image: none; border-bottom-width: 0px; padding-top: 0px; padding-left: 0px; display: inline; padding-right: 0px; border-top-width: 0px\" border=\"0\" alt=\"P1010792\" src=\"https:\/\/volkerontour.de\/wp-content\/uploads\/2014\/05\/P1010792_thumb.jpg\" width=\"244\" height=\"184\"><\/a>&nbsp;<a href=\"https:\/\/volkerontour.de\/wp-content\/uploads\/2014\/05\/P1010793.jpg\"><img loading=\"lazy\" decoding=\"async\" title=\"P1010793\" style=\"border-left-width: 0px; border-right-width: 0px; background-image: none; border-bottom-width: 0px; padding-top: 0px; padding-left: 0px; display: inline; padding-right: 0px; border-top-width: 0px\" border=\"0\" alt=\"P1010793\" src=\"https:\/\/volkerontour.de\/wp-content\/uploads\/2014\/05\/P1010793_thumb.jpg\" width=\"244\" height=\"184\"><\/a><\/p>\n<p><a href=\"https:\/\/volkerontour.de\/wp-content\/uploads\/2014\/05\/IMG_2125.jpg\"><img loading=\"lazy\" decoding=\"async\" title=\"IMG_2125\" style=\"border-left-width: 0px; border-right-width: 0px; background-image: none; border-bottom-width: 0px; padding-top: 0px; padding-left: 0px; display: inline; padding-right: 0px; border-top-width: 0px\" border=\"0\" alt=\"IMG_2125\" src=\"https:\/\/volkerontour.de\/wp-content\/uploads\/2014\/05\/IMG_2125_thumb.jpg\" width=\"244\" height=\"184\"><\/a>&nbsp;<a href=\"https:\/\/volkerontour.de\/wp-content\/uploads\/2014\/05\/IMG_2124.jpg\"><img loading=\"lazy\" decoding=\"async\" title=\"IMG_2124\" style=\"border-left-width: 0px; border-right-width: 0px; background-image: none; border-bottom-width: 0px; padding-top: 0px; padding-left: 0px; display: inline; padding-right: 0px; border-top-width: 0px\" border=\"0\" alt=\"IMG_2124\" src=\"https:\/\/volkerontour.de\/wp-content\/uploads\/2014\/05\/IMG_2124_thumb.jpg\" width=\"244\" height=\"184\"><\/a><\/p>\n<p>Auf unserem Weg lag heute auch der gr\u00f6sste Salzwassersee Australiens, der Lake Eyre. Heute pr\u00e4sentierte er sich uns gut mit Wasser gef\u00fcllt, was nicht immer der Fall ist. Stuart nutze die kurze Pause um den Bus mit dem Reservekanister aufzutanken\u2026 sonst h\u00e4tten wir wohl die 473km nicht geschafft <img decoding=\"async\" class=\"wlEmoticon wlEmoticon-smile\" style=\"border-top-style: none; border-bottom-style: none; border-right-style: none; border-left-style: none\" alt=\"Smiley\" src=\"https:\/\/volkerontour.de\/wp-content\/uploads\/2014\/05\/wlEmoticon-smile18.png\"><\/p>\n<p><a href=\"https:\/\/volkerontour.de\/wp-content\/uploads\/2014\/05\/IMG_2132.jpg\"><img loading=\"lazy\" decoding=\"async\" title=\"IMG_2132\" style=\"border-left-width: 0px; border-right-width: 0px; background-image: none; border-bottom-width: 0px; padding-top: 0px; padding-left: 0px; display: inline; padding-right: 0px; border-top-width: 0px\" border=\"0\" alt=\"IMG_2132\" src=\"https:\/\/volkerontour.de\/wp-content\/uploads\/2014\/05\/IMG_2132_thumb.jpg\" width=\"244\" height=\"184\"><\/a>&nbsp;<a href=\"https:\/\/volkerontour.de\/wp-content\/uploads\/2014\/05\/IMG_2134.jpg\"><img loading=\"lazy\" decoding=\"async\" title=\"IMG_2134\" style=\"border-left-width: 0px; border-right-width: 0px; background-image: none; border-bottom-width: 0px; padding-top: 0px; padding-left: 0px; display: inline; padding-right: 0px; border-top-width: 0px\" border=\"0\" alt=\"IMG_2134\" src=\"https:\/\/volkerontour.de\/wp-content\/uploads\/2014\/05\/IMG_2134_thumb.jpg\" width=\"244\" height=\"184\"><\/a><\/p>\n<p><a href=\"https:\/\/volkerontour.de\/wp-content\/uploads\/2014\/05\/IMG_2131.jpg\"><img loading=\"lazy\" decoding=\"async\" title=\"IMG_2131\" style=\"border-left-width: 0px; border-right-width: 0px; background-image: none; border-bottom-width: 0px; padding-top: 0px; padding-left: 0px; display: inline; padding-right: 0px; border-top-width: 0px\" border=\"0\" alt=\"IMG_2131\" src=\"https:\/\/volkerontour.de\/wp-content\/uploads\/2014\/05\/IMG_2131_thumb.jpg\" width=\"244\" height=\"184\"><\/a>&nbsp;<a href=\"https:\/\/volkerontour.de\/wp-content\/uploads\/2014\/05\/IMG_2135.jpg\"><img loading=\"lazy\" decoding=\"async\" title=\"IMG_2135\" style=\"border-left-width: 0px; border-right-width: 0px; background-image: none; border-bottom-width: 0px; padding-top: 0px; padding-left: 0px; display: inline; padding-right: 0px; border-top-width: 0px\" border=\"0\" alt=\"IMG_2135\" src=\"https:\/\/volkerontour.de\/wp-content\/uploads\/2014\/05\/IMG_2135_thumb.jpg\" width=\"244\" height=\"184\"><\/a><\/p>\n<p>Kurz vor dem Sonnenuntergang erreichten wir dann \u201cWilliam Creek\u201d. Auch nicht wirklich eine Weltstadt. Aber immerhin gibts (bzw. gabs) hier mal einen sehr g\u00fcnstigen 9-Loch-Golfplatz <img decoding=\"async\" class=\"wlEmoticon wlEmoticon-smile\" style=\"border-top-style: none; border-bottom-style: none; border-right-style: none; border-left-style: none\" alt=\"Smiley\" src=\"https:\/\/volkerontour.de\/wp-content\/uploads\/2014\/05\/wlEmoticon-smile18.png\"><\/p>\n<p>&nbsp;<a href=\"https:\/\/volkerontour.de\/wp-content\/uploads\/2014\/05\/IMG_2137.jpg\"><img loading=\"lazy\" decoding=\"async\" title=\"IMG_2137\" style=\"border-left-width: 0px; border-right-width: 0px; background-image: none; border-bottom-width: 0px; padding-top: 0px; padding-left: 0px; display: inline; padding-right: 0px; border-top-width: 0px\" border=\"0\" alt=\"IMG_2137\" src=\"https:\/\/volkerontour.de\/wp-content\/uploads\/2014\/05\/IMG_2137_thumb.jpg\" width=\"244\" height=\"184\"><\/a><a href=\"https:\/\/volkerontour.de\/wp-content\/uploads\/2014\/05\/IMG_2139.jpg\"><img loading=\"lazy\" decoding=\"async\" title=\"IMG_2139\" style=\"border-left-width: 0px; border-right-width: 0px; background-image: none; border-bottom-width: 0px; padding-top: 0px; padding-left: 0px; display: inline; padding-right: 0px; border-top-width: 0px\" border=\"0\" alt=\"IMG_2139\" src=\"https:\/\/volkerontour.de\/wp-content\/uploads\/2014\/05\/IMG_2139_thumb.jpg\" width=\"244\" height=\"184\"><\/a>&nbsp;<a href=\"https:\/\/volkerontour.de\/wp-content\/uploads\/2014\/05\/IMG_2138.jpg\"><img loading=\"lazy\" decoding=\"async\" title=\"IMG_2138\" style=\"border-left-width: 0px; border-right-width: 0px; background-image: none; border-bottom-width: 0px; padding-top: 0px; padding-left: 0px; display: inline; padding-right: 0px; border-top-width: 0px\" border=\"0\" alt=\"IMG_2138\" src=\"https:\/\/volkerontour.de\/wp-content\/uploads\/2014\/05\/IMG_2138_thumb.jpg\" width=\"244\" height=\"184\"><\/a>&nbsp;<a href=\"https:\/\/volkerontour.de\/wp-content\/uploads\/2014\/05\/IMG_2141.jpg\"><img loading=\"lazy\" decoding=\"async\" title=\"IMG_2141\" style=\"border-left-width: 0px; border-right-width: 0px; background-image: none; border-bottom-width: 0px; padding-top: 0px; padding-left: 0px; display: inline; padding-right: 0px; border-top-width: 0px\" border=\"0\" alt=\"IMG_2141\" src=\"https:\/\/volkerontour.de\/wp-content\/uploads\/2014\/05\/IMG_2141_thumb.jpg\" width=\"244\" height=\"184\"><\/a><\/p>\n<p>Unsere heutige Unterkunft toppte (von der Gr\u00f6sse her) unsere bisherigen Zimmer locker\u2026 grob gesch\u00e4tzt 6qm, davon 4qm Bett <img decoding=\"async\" class=\"wlEmoticon wlEmoticon-smile\" style=\"border-top-style: none; border-bottom-style: none; border-right-style: none; border-left-style: none\" alt=\"Smiley\" src=\"https:\/\/volkerontour.de\/wp-content\/uploads\/2014\/05\/wlEmoticon-smile18.png\"><\/p>\n<p><a href=\"https:\/\/volkerontour.de\/wp-content\/uploads\/2014\/05\/IMG_2143.jpg\"><img loading=\"lazy\" decoding=\"async\" title=\"IMG_2143\" style=\"border-left-width: 0px; border-right-width: 0px; background-image: none; border-bottom-width: 0px; padding-top: 0px; padding-left: 0px; display: inline; padding-right: 0px; border-top-width: 0px\" border=\"0\" alt=\"IMG_2143\" src=\"https:\/\/volkerontour.de\/wp-content\/uploads\/2014\/05\/IMG_2143_thumb.jpg\" width=\"184\" height=\"244\"><\/a><\/p>\n<p>Im ortsans\u00e4ssigen Restaurant gab es gute Portionen, und lecker war das Dinner auch.<\/p>\n<p><a href=\"https:\/\/volkerontour.de\/wp-content\/uploads\/2014\/05\/P1010794.jpg\"><img loading=\"lazy\" decoding=\"async\" title=\"P1010794\" style=\"border-left-width: 0px; border-right-width: 0px; background-image: none; border-bottom-width: 0px; padding-top: 0px; padding-left: 0px; display: inline; padding-right: 0px; border-top-width: 0px\" border=\"0\" alt=\"P1010794\" src=\"https:\/\/volkerontour.de\/wp-content\/uploads\/2014\/05\/P1010794_thumb.jpg\" width=\"244\" height=\"184\"><\/a>&nbsp;<a href=\"https:\/\/volkerontour.de\/wp-content\/uploads\/2014\/05\/P1010795.jpg\"><img loading=\"lazy\" decoding=\"async\" title=\"P1010795\" style=\"border-left-width: 0px; border-right-width: 0px; background-image: none; border-bottom-width: 0px; padding-top: 0px; padding-left: 0px; display: inline; padding-right: 0px; border-top-width: 0px\" border=\"0\" alt=\"P1010795\" src=\"https:\/\/volkerontour.de\/wp-content\/uploads\/2014\/05\/P1010795_thumb.jpg\" width=\"184\" height=\"244\"><\/a><\/p>\n<p>Auf dem Weg zum Zimmer zur\u00fcck fanden Iwan und ich unter ner Laterne irgendwo n WLAN-Hotspot, der auch noch ganz vern\u00fcnftig war und uns bis etwa halb zehn besch\u00e4ftigte\u2026 leider konnte ich nur einen, der letzten drei Tage hochladen, dann war das Netz weg. Ich versuchs jetzt nochmal, ansonsten kann ich wohl leider erst wieder in drei bis vier Tagen was hochladen\u2026 Am Campingplatz beim Ayers Rock geht da wohl nicht viel\u2026<\/p>\n<p>Morgen fr\u00fch haben wir einen Rundflug \u00fcber William Creek gebucht. Soll wohl eine ziemlich spektakul\u00e4re Sicht von oben sein. Ich bin mal gespannt.<\/p>\n<p>ps.: Vielen Dank f\u00fcr die zahlreichen Geburtstagsgr\u00fcsse, die ich aufgrund des fehlenden WLANs erst eben unter der besagten Laterne lesen konnte. Habe mich \u00fcber jede Nachricht sehr gefreut, auch wenn ich gerade ewig weit weg bin. Also nochmal: Danke! <img decoding=\"async\" class=\"wlEmoticon wlEmoticon-smile\" style=\"border-top-style: none; border-bottom-style: none; border-right-style: none; border-left-style: none\" alt=\"Smiley\" src=\"https:\/\/volkerontour.de\/wp-content\/uploads\/2014\/05\/wlEmoticon-smile18.png\"><\/p>\n","protected":false},"excerpt":{"rendered":"<p>Dienstag, 20.05.: Hallo zusammen. Wie gestern geschrieben wollte ich mir heute Morgen mal den Sonnenaufgang von der Beltana Station aus ansehen. Nachdem ich erstmal ne halbe Stunde zu fr\u00fch war musste ich beim zweiten Versuch gegen sieben Uhr feststellen, dass &hellip; <a href=\"https:\/\/volkerontour.de\/?p=7043\">Weiterlesen <span class=\"meta-nav\">&rarr;<\/span><\/a><\/p>\n","protected":false},"author":3,"featured_media":0,"comment_status":"closed","ping_status":"open","sticky":false,"template":"","format":"standard","meta":{"footnotes":""},"categories":[7],"tags":[],"class_list":["post-7043","post","type-post","status-publish","format-standard","hentry","category-australien-2014"],"_links":{"self":[{"href":"https:\/\/volkerontour.de\/index.php?rest_route=\/wp\/v2\/posts\/7043","targetHints":{"allow":["GET"]}}],"collection":[{"href":"https:\/\/volkerontour.de\/index.php?rest_route=\/wp\/v2\/posts"}],"about":[{"href":"https:\/\/volkerontour.de\/index.php?rest_route=\/wp\/v2\/types\/post"}],"author":[{"embeddable":true,"href":"https:\/\/volkerontour.de\/index.php?rest_route=\/wp\/v2\/users\/3"}],"replies":[{"embeddable":true,"href":"https:\/\/volkerontour.de\/index.php?rest_route=%2Fwp%2Fv2%2Fcomments&post=7043"}],"version-history":[{"count":0,"href":"https:\/\/volkerontour.de\/index.php?rest_route=\/wp\/v2\/posts\/7043\/revisions"}],"wp:attachment":[{"href":"https:\/\/volkerontour.de\/index.php?rest_route=%2Fwp%2Fv2%2Fmedia&parent=7043"}],"wp:term":[{"taxonomy":"category","embeddable":true,"href":"https:\/\/volkerontour.de\/index.php?rest_route=%2Fwp%2Fv2%2Fcategories&post=7043"},{"taxonomy":"post_tag","embeddable":true,"href":"https:\/\/volkerontour.de\/index.php?rest_route=%2Fwp%2Fv2%2Ftags&post=7043"}],"curies":[{"name":"wp","href":"https:\/\/api.w.org\/{rel}","templated":true}]}}