{"id":77,"date":"2012-07-23T01:48:59","date_gmt":"2012-07-23T01:48:59","guid":{"rendered":"http:\/\/volkerontour.de\/?p=77"},"modified":"2012-07-23T01:48:59","modified_gmt":"2012-07-23T01:48:59","slug":"tag-1-la-paz-im-alleingang","status":"publish","type":"post","link":"https:\/\/volkerontour.de\/?p=77","title":{"rendered":"Tag 1: La Paz im Alleingang"},"content":{"rendered":"<p>Gegen 10 Uhr startete ich meine Tour durch die Innenstadt von La Paz. Da mein Hotel ziemlich zentral liegt und ich durch fundierte Infos von Karina sowie einem Stadtplan bestens informiert war entschied ich mich die Innenstadt zu Fuss zu besichtigen, was ungef\u00e4hr drei Stunden dauerte, sich aber lohnte\u2026 Ein bisschen nervig ist, dass es entweder nur steil berghoch, oder bergrunter geht\u2026 es gibt so gut wie keine ebenen Strassen und Wege\u2026 dann noch die H\u00f6he von 3600m dazu\u2026mmmhhhh, anstregend! Auf den Strassen und in den Gassen ist wirklich einiges los, sehr belebt diese Stadt. \u00dcberall wird was verkauft, gehupt, gerufen usw. Trotzdem hat man nicht den Eindruck, das Unruhe oder Hektik herrscht. Die Menschen sind ziemlich reserviert und keiner, aber wirklich gar keiner kann auch nur einen Satz englisch!!!<\/p>\n<p>Ich schaute mich in Ruhe um\u2026<\/p>\n<p><a href=\"https:\/\/volkerontour.de\/wp-content\/uploads\/2012\/07\/DSC00541.jpg\"><img loading=\"lazy\" decoding=\"async\" style=\"background-image: none; border-right-width: 0px; margin: 0px; padding-left: 0px; padding-right: 0px; display: inline; border-top-width: 0px; border-bottom-width: 0px; border-left-width: 0px; padding-top: 0px\" title=\"DSC00541\" border=\"0\" alt=\"DSC00541\" src=\"https:\/\/volkerontour.de\/wp-content\/uploads\/2012\/07\/DSC00541_thumb.jpg\" width=\"244\" height=\"184\"><\/a>&nbsp;<a href=\"https:\/\/volkerontour.de\/wp-content\/uploads\/2012\/07\/DSC00545.jpg\"><img loading=\"lazy\" decoding=\"async\" style=\"background-image: none; border-right-width: 0px; margin: 0px; padding-left: 0px; padding-right: 0px; display: inline; border-top-width: 0px; border-bottom-width: 0px; border-left-width: 0px; padding-top: 0px\" title=\"DSC00545\" border=\"0\" alt=\"DSC00545\" src=\"https:\/\/volkerontour.de\/wp-content\/uploads\/2012\/07\/DSC00545_thumb.jpg\" width=\"244\" height=\"184\"><\/a><\/p>\n<p><a href=\"https:\/\/volkerontour.de\/wp-content\/uploads\/2012\/07\/DSC00546.jpg\"><img loading=\"lazy\" decoding=\"async\" style=\"background-image: none; border-right-width: 0px; padding-left: 0px; padding-right: 0px; display: inline; border-top-width: 0px; border-bottom-width: 0px; border-left-width: 0px; padding-top: 0px\" title=\"DSC00546\" border=\"0\" alt=\"DSC00546\" src=\"https:\/\/volkerontour.de\/wp-content\/uploads\/2012\/07\/DSC00546_thumb.jpg\" width=\"244\" height=\"184\"><\/a>&nbsp;<a href=\"https:\/\/volkerontour.de\/wp-content\/uploads\/2012\/07\/DSC00547.jpg\"><img loading=\"lazy\" decoding=\"async\" style=\"background-image: none; border-right-width: 0px; padding-left: 0px; padding-right: 0px; display: inline; border-top-width: 0px; border-bottom-width: 0px; border-left-width: 0px; padding-top: 0px\" title=\"DSC00547\" border=\"0\" alt=\"DSC00547\" src=\"https:\/\/volkerontour.de\/wp-content\/uploads\/2012\/07\/DSC00547_thumb.jpg\" width=\"244\" height=\"184\"><\/a><\/p>\n<p>F\u00fcr den Nachmittag entschied ich mich auf einheimische Mithilfe zur\u00fcckzugreifen um ein paar Insider Tipps zu erhalten. Ich sprach etwa 10 Taxifahrer an, ob sie zumindest ein bisschen englisch k\u00f6nnen, aber Pustekuchen\u2026 Der elfte antwortete auf meine Frage \u201cDu you speak english?\u201d mit einem entschiedenen \u201cYes&#8220;! Ich stieg freudig erregt ein und wollte eine Kommunikation starten. Doch als ich auf meine Fragen \u201cHow are you?\u201d und \u201cAre you sure that you speak english?\u201d in ein verdutztes Gesicht blickte reduzierte sich meine Freude wieder ein wenig\u2026 Nun gut, ich entschied mich mit H\u00e4nden und F\u00fcssen zu verst\u00e4ndigen, was dann irgendwie auch klappte\u2026 also, Freddy hiess mein Fahrer f\u00fcr diesen Nachmittag. Und da der Shuttleservice f\u00fcr 3 Stunden schlappe 15 Euro kostete nahm ich dann auch in Kauf, dass er dann doch nicht so gut englisch konnte\u2026 ansonsten ein wirklich l\u00e4ssiger Typ\u2026<\/p>\n<p><a href=\"https:\/\/volkerontour.de\/wp-content\/uploads\/2012\/07\/DSC00556.jpg\"><img loading=\"lazy\" decoding=\"async\" style=\"background-image: none; border-right-width: 0px; padding-left: 0px; padding-right: 0px; display: inline; border-top-width: 0px; border-bottom-width: 0px; border-left-width: 0px; padding-top: 0px\" title=\"DSC00556\" border=\"0\" alt=\"DSC00556\" src=\"https:\/\/volkerontour.de\/wp-content\/uploads\/2012\/07\/DSC00556_thumb.jpg\" width=\"244\" height=\"184\"><\/a>&nbsp;<a href=\"https:\/\/volkerontour.de\/wp-content\/uploads\/2012\/07\/DSC00564.jpg\"><img loading=\"lazy\" decoding=\"async\" style=\"background-image: none; border-right-width: 0px; padding-left: 0px; padding-right: 0px; display: inline; border-top-width: 0px; border-bottom-width: 0px; border-left-width: 0px; padding-top: 0px\" title=\"DSC00564\" border=\"0\" alt=\"DSC00564\" src=\"https:\/\/volkerontour.de\/wp-content\/uploads\/2012\/07\/DSC00564_thumb.jpg\" width=\"244\" height=\"184\"><\/a><\/p>\n<p>Nun, auch Freddys Toyota schien seine besten Tage schon hinter sich gehabt zu haben, aber wozu braucht man auch schon solche Dinge wie einen Kotfl\u00fcgel, ein Amaturenbrett, oder einen Blinker\u2026 <img decoding=\"async\" style=\"border-bottom-style: none; border-left-style: none; border-top-style: none; border-right-style: none\" class=\"wlEmoticon wlEmoticon-smile\" alt=\"Smiley\" src=\"https:\/\/volkerontour.de\/wp-content\/uploads\/2012\/07\/wlEmoticon-smile2.png\"><\/p>\n<p>O.k., ich gab Freddy zu verstehen, dass ich gerne die Insider-Highlights von La Paz sehen w\u00fcrde. Zielsicher brachte er mich zuerst zum Valle de la Luna (Mondtal), und so sah es dort auch aus. Direkt neben der Stadt gab es diese riesigen Stein und Fels-Formationen zu sehen\u2026 sehr beeindruckend\u2026<\/p>\n<p><a href=\"https:\/\/volkerontour.de\/wp-content\/uploads\/2012\/07\/DSC00550.jpg\"><img loading=\"lazy\" decoding=\"async\" style=\"background-image: none; border-right-width: 0px; padding-left: 0px; padding-right: 0px; display: inline; border-top-width: 0px; border-bottom-width: 0px; border-left-width: 0px; padding-top: 0px\" title=\"DSC00550\" border=\"0\" alt=\"DSC00550\" src=\"https:\/\/volkerontour.de\/wp-content\/uploads\/2012\/07\/DSC00550_thumb.jpg\" width=\"244\" height=\"184\"><\/a>&nbsp;<a href=\"https:\/\/volkerontour.de\/wp-content\/uploads\/2012\/07\/DSC00551.jpg\"><img loading=\"lazy\" decoding=\"async\" style=\"background-image: none; border-right-width: 0px; padding-left: 0px; padding-right: 0px; display: inline; border-top-width: 0px; border-bottom-width: 0px; border-left-width: 0px; padding-top: 0px\" title=\"DSC00551\" border=\"0\" alt=\"DSC00551\" src=\"https:\/\/volkerontour.de\/wp-content\/uploads\/2012\/07\/DSC00551_thumb.jpg\" width=\"244\" height=\"184\"><\/a><\/p>\n<p><a href=\"https:\/\/volkerontour.de\/wp-content\/uploads\/2012\/07\/DSC00557.jpg\"><img loading=\"lazy\" decoding=\"async\" style=\"background-image: none; border-right-width: 0px; padding-left: 0px; padding-right: 0px; display: inline; border-top-width: 0px; border-bottom-width: 0px; border-left-width: 0px; padding-top: 0px\" title=\"DSC00557\" border=\"0\" alt=\"DSC00557\" src=\"https:\/\/volkerontour.de\/wp-content\/uploads\/2012\/07\/DSC00557_thumb.jpg\" width=\"244\" height=\"184\"><\/a>&nbsp;<a href=\"https:\/\/volkerontour.de\/wp-content\/uploads\/2012\/07\/DSC00558.jpg\"><img loading=\"lazy\" decoding=\"async\" style=\"background-image: none; border-right-width: 0px; padding-left: 0px; padding-right: 0px; display: inline; border-top-width: 0px; border-bottom-width: 0px; border-left-width: 0px; padding-top: 0px\" title=\"DSC00558\" border=\"0\" alt=\"DSC00558\" src=\"https:\/\/volkerontour.de\/wp-content\/uploads\/2012\/07\/DSC00558_thumb.jpg\" width=\"244\" height=\"184\"><\/a><\/p>\n<p><a href=\"https:\/\/volkerontour.de\/wp-content\/uploads\/2012\/07\/DSC00563.jpg\"><img loading=\"lazy\" decoding=\"async\" style=\"background-image: none; border-right-width: 0px; padding-left: 0px; padding-right: 0px; display: inline; border-top-width: 0px; border-bottom-width: 0px; border-left-width: 0px; padding-top: 0px\" title=\"DSC00563\" border=\"0\" alt=\"DSC00563\" src=\"https:\/\/volkerontour.de\/wp-content\/uploads\/2012\/07\/DSC00563_thumb.jpg\" width=\"244\" height=\"184\"><\/a>&nbsp;<a href=\"https:\/\/volkerontour.de\/wp-content\/uploads\/2012\/07\/DSC00559.jpg\"><img loading=\"lazy\" decoding=\"async\" style=\"background-image: none; border-right-width: 0px; padding-left: 0px; padding-right: 0px; display: inline; border-top-width: 0px; border-bottom-width: 0px; border-left-width: 0px; padding-top: 0px\" title=\"DSC00559\" border=\"0\" alt=\"DSC00559\" src=\"https:\/\/volkerontour.de\/wp-content\/uploads\/2012\/07\/DSC00559_thumb.jpg\" width=\"244\" height=\"184\"><\/a><\/p>\n<p>Ein paar sch\u00f6ne Pl\u00e4tze, Sehensw\u00fcrdigkeiten und Aussichtspunkte gabs auch noch\u2026<\/p>\n<p><a href=\"https:\/\/volkerontour.de\/wp-content\/uploads\/2012\/07\/DSC00571.jpg\"><img loading=\"lazy\" decoding=\"async\" style=\"background-image: none; border-bottom: 0px; border-left: 0px; margin: 0px; padding-left: 0px; padding-right: 0px; display: inline; border-top: 0px; border-right: 0px; padding-top: 0px\" title=\"DSC00571\" border=\"0\" alt=\"DSC00571\" src=\"https:\/\/volkerontour.de\/wp-content\/uploads\/2012\/07\/DSC00571_thumb.jpg\" width=\"244\" height=\"184\"><\/a>&nbsp;<a href=\"https:\/\/volkerontour.de\/wp-content\/uploads\/2012\/07\/DSC00572.jpg\"><img loading=\"lazy\" decoding=\"async\" style=\"background-image: none; border-bottom: 0px; border-left: 0px; padding-left: 0px; padding-right: 0px; display: inline; border-top: 0px; border-right: 0px; padding-top: 0px\" title=\"DSC00572\" border=\"0\" alt=\"DSC00572\" src=\"https:\/\/volkerontour.de\/wp-content\/uploads\/2012\/07\/DSC00572_thumb.jpg\" width=\"244\" height=\"184\"><\/a><\/p>\n<p><a href=\"https:\/\/volkerontour.de\/wp-content\/uploads\/2012\/07\/DSC00577.jpg\"><img loading=\"lazy\" decoding=\"async\" style=\"background-image: none; border-bottom: 0px; border-left: 0px; padding-left: 0px; padding-right: 0px; display: inline; border-top: 0px; border-right: 0px; padding-top: 0px\" title=\"DSC00577\" border=\"0\" alt=\"DSC00577\" src=\"https:\/\/volkerontour.de\/wp-content\/uploads\/2012\/07\/DSC00577_thumb.jpg\" width=\"244\" height=\"184\"><\/a>&nbsp;<a href=\"https:\/\/volkerontour.de\/wp-content\/uploads\/2012\/07\/DSC00578.jpg\"><img loading=\"lazy\" decoding=\"async\" style=\"background-image: none; border-bottom: 0px; border-left: 0px; padding-left: 0px; padding-right: 0px; display: inline; border-top: 0px; border-right: 0px; padding-top: 0px\" title=\"DSC00578\" border=\"0\" alt=\"DSC00578\" src=\"https:\/\/volkerontour.de\/wp-content\/uploads\/2012\/07\/DSC00578_thumb.jpg\" width=\"244\" height=\"184\"><\/a><\/p>\n<p>Was die Stadt wirklich spektakul\u00e4r werden l\u00e4sst sind die grossen H\u00f6henunterschiede. Das relativ niedrig gelegene Zentrum (in dem die etwas reicheren Leute leben) ist quasi umrahmt von deutlich h\u00f6her gelegenen Vierteln El Alto auf der einen Seite und Miraflores auf der anderen.Beeindruckend ist sicherlich auch die tolle Sicht auf die schneebedeckten Andengipfel\u2026<\/p>\n<p>La Paz ist meiner Meinung nach eine wirklich sehenswerte Stadt, sowohl der Stadtkern an sich, als auch die Umgebung\u2026 top!<\/p>\n<p>Heute Abend habe ich dann mal meine Gruppe kennengelernt, zumindest mal ein Teil davon\u2026 Eddy aus England ist mein Zimmernachbar. Netter Typ, und schon \u00fcber zwei Monate in S\u00fcdamerika unterwegs\u2026 dazu kommt ein schweizer Ehepaar und eine Irin\u2026 den Rest werde ich morgen kennenlernen\u2026 schaun wir mal\u2026<\/p>\n<p>Ich bin dann mal weg\u2026 morgen klingelt der Wecker schon um 5 Uhr, da es mit dem Flieger in die Hauptstadt Boliviens geht, n\u00e4mlich nach Sucre\u2026<\/p>\n<p>Gute Nacht aus La Paz <img decoding=\"async\" style=\"border-bottom-style: none; border-left-style: none; border-top-style: none; border-right-style: none\" class=\"wlEmoticon wlEmoticon-smile\" alt=\"Smiley\" src=\"https:\/\/volkerontour.de\/wp-content\/uploads\/2012\/07\/wlEmoticon-smile2.png\"><\/p>\n","protected":false},"excerpt":{"rendered":"<p>Gegen 10 Uhr startete ich meine Tour durch die Innenstadt von La Paz. Da mein Hotel ziemlich zentral liegt und ich durch fundierte Infos von Karina sowie einem Stadtplan bestens informiert war entschied ich mich die Innenstadt zu Fuss zu &hellip; <a href=\"https:\/\/volkerontour.de\/?p=77\">Weiterlesen <span class=\"meta-nav\">&rarr;<\/span><\/a><\/p>\n","protected":false},"author":3,"featured_media":0,"comment_status":"closed","ping_status":"open","sticky":false,"template":"","format":"standard","meta":{"footnotes":""},"categories":[1],"tags":[],"class_list":["post-77","post","type-post","status-publish","format-standard","hentry","category-uncategorized"],"_links":{"self":[{"href":"https:\/\/volkerontour.de\/index.php?rest_route=\/wp\/v2\/posts\/77","targetHints":{"allow":["GET"]}}],"collection":[{"href":"https:\/\/volkerontour.de\/index.php?rest_route=\/wp\/v2\/posts"}],"about":[{"href":"https:\/\/volkerontour.de\/index.php?rest_route=\/wp\/v2\/types\/post"}],"author":[{"embeddable":true,"href":"https:\/\/volkerontour.de\/index.php?rest_route=\/wp\/v2\/users\/3"}],"replies":[{"embeddable":true,"href":"https:\/\/volkerontour.de\/index.php?rest_route=%2Fwp%2Fv2%2Fcomments&post=77"}],"version-history":[{"count":0,"href":"https:\/\/volkerontour.de\/index.php?rest_route=\/wp\/v2\/posts\/77\/revisions"}],"wp:attachment":[{"href":"https:\/\/volkerontour.de\/index.php?rest_route=%2Fwp%2Fv2%2Fmedia&parent=77"}],"wp:term":[{"taxonomy":"category","embeddable":true,"href":"https:\/\/volkerontour.de\/index.php?rest_route=%2Fwp%2Fv2%2Fcategories&post=77"},{"taxonomy":"post_tag","embeddable":true,"href":"https:\/\/volkerontour.de\/index.php?rest_route=%2Fwp%2Fv2%2Ftags&post=77"}],"curies":[{"name":"wp","href":"https:\/\/api.w.org\/{rel}","templated":true}]}}