{"id":906,"date":"2012-08-10T03:39:28","date_gmt":"2012-08-10T03:39:28","guid":{"rendered":"http:\/\/volkerontour.de\/?p=906"},"modified":"2012-08-10T03:39:28","modified_gmt":"2012-08-10T03:39:28","slug":"tag-19-secret-valley-ollantaytambo","status":"publish","type":"post","link":"https:\/\/volkerontour.de\/?p=906","title":{"rendered":"Tag 19: Secret Valley\/ Ollantaytambo"},"content":{"rendered":"<p>Donnerstag, 09.08.: Am heutigen Donnerstag ging unsere Reise zu den Inkas los\u2026 In Secret Valley und Ollantaytambo sollten wir auf tolle \u201c\u00dcberbleibsel\u201d dieser l\u00e4ngst ausgestorbenen, aber dennoch faszinierenden Kultur treffen. Von Anfang des 14. Jahrhunderts bis Mitte des 16. Jahrhunderts lebten insgesamt etwa sieben Millionen Inkas in S\u00fcdamerika, vor allem in Peru, Ekuador, Chile und Teilen Argentiniens. Da es so gut wie keinerlei geschriebene \u00dcberlieferungen gibt ist vieles \u00fcber das Leben und die Kultur der Inkas noch heute r\u00e4tselhaft und unklar. Vor allem ihre spektakul\u00e4ren und teilweise gut erhaltenen Bauten geben jedoch Aufschluss \u00fcber Ihre Lebensweise vor \u00fcber 600 Jahren\u2026 Dies und noch vieles mehr \u00fcber die Inkas teilte uns unser heutiger Guide \u201cEfi\u201d mit\u2026 Er kannte sich wirklich gut aus, hatte auf jede Frage die passende Antwort und weckte bei allen ein echtes Interesse (sofern dies nicht schon vorhanden war <img decoding=\"async\" style=\"border-bottom-style: none; border-left-style: none; border-top-style: none; border-right-style: none\" class=\"wlEmoticon wlEmoticon-smile\" alt=\"Smiley\" src=\"https:\/\/volkerontour.de\/wp-content\/uploads\/2012\/08\/wlEmoticon-smile9.png\">) Dabei war nat\u00fcrlich auch heute wieder unser \u201cSmartguy\u201d Rrrrrrrrrrrrrrrrruben samt seiner Sonnenbrille und seines Grinsens <img decoding=\"async\" style=\"border-bottom-style: none; border-left-style: none; border-top-style: none; border-right-style: none\" class=\"wlEmoticon wlEmoticon-smile\" alt=\"Smiley\" src=\"https:\/\/volkerontour.de\/wp-content\/uploads\/2012\/08\/wlEmoticon-smile9.png\"><\/p>\n<p><a href=\"https:\/\/volkerontour.de\/wp-content\/uploads\/2012\/08\/DSC01599.jpg\"><img loading=\"lazy\" decoding=\"async\" style=\"background-image: none; border-bottom: 0px; border-left: 0px; padding-left: 0px; padding-right: 0px; display: inline; border-top: 0px; border-right: 0px; padding-top: 0px\" title=\"DSC01599\" border=\"0\" alt=\"DSC01599\" src=\"https:\/\/volkerontour.de\/wp-content\/uploads\/2012\/08\/DSC01599_thumb.jpg\" width=\"244\" height=\"184\"><\/a>&nbsp;<a href=\"https:\/\/volkerontour.de\/wp-content\/uploads\/2012\/08\/DSC01600.jpg\"><img loading=\"lazy\" decoding=\"async\" style=\"background-image: none; border-bottom: 0px; border-left: 0px; padding-left: 0px; padding-right: 0px; display: inline; border-top: 0px; border-right: 0px; padding-top: 0px\" title=\"DSC01600\" border=\"0\" alt=\"DSC01600\" src=\"https:\/\/volkerontour.de\/wp-content\/uploads\/2012\/08\/DSC01600_thumb.jpg\" width=\"244\" height=\"184\"><\/a><\/p>\n<p>Um 7:30 Uhr wurden wir mit dem Bus abgeholt\u2026 Bei unserer etwa einst\u00fcndigen Fahrt kamen wir schon an ersten Inkabauten vorbei, die uns Efi vom Bus aus sehr ausf\u00fchrlich und kompetent erkl\u00e4rte\u2026 Ein wenig ab vom Schuss machten wir dann Halt in einem kleinen Dorf names Ccaccaccollo (wird wirklich so geschrieben), wo wir von den Einheimischen sehr nett empfangen wurden. Wir sollten in diesem kleinen Handwerkerdorf einen Eindruck von der Lebensweise der Bewohner bekommen\u2026 Empfangen wurden wir erstmal von einer Herde Lamas, die dort teilweise frei herumliefen\u2026<\/p>\n<p><a href=\"https:\/\/volkerontour.de\/wp-content\/uploads\/2012\/08\/DSC01602.jpg\"><img loading=\"lazy\" decoding=\"async\" style=\"background-image: none; border-bottom: 0px; border-left: 0px; padding-left: 0px; padding-right: 0px; display: inline; border-top: 0px; border-right: 0px; padding-top: 0px\" title=\"DSC01602\" border=\"0\" alt=\"DSC01602\" src=\"https:\/\/volkerontour.de\/wp-content\/uploads\/2012\/08\/DSC01602_thumb.jpg\" width=\"244\" height=\"184\"><\/a>&nbsp;<a href=\"https:\/\/volkerontour.de\/wp-content\/uploads\/2012\/08\/DSC01613.jpg\"><img loading=\"lazy\" decoding=\"async\" style=\"background-image: none; border-bottom: 0px; border-left: 0px; padding-left: 0px; padding-right: 0px; display: inline; border-top: 0px; border-right: 0px; padding-top: 0px\" title=\"DSC01613\" border=\"0\" alt=\"DSC01613\" src=\"https:\/\/volkerontour.de\/wp-content\/uploads\/2012\/08\/DSC01613_thumb.jpg\" width=\"244\" height=\"184\"><\/a><\/p>\n<p>Die Bewohner des wirklich sehr netten Dorfes liessen einem an ihren Alltagst\u00e4tigkeiten teilhaben, so z.B. wie sie aus Alpacawolle Kleidungsst\u00fccke herstellen, oder auf nat\u00fcrliche Art und Weise alle Farben f\u00fcr die Kleidung aus Pflanzen gewinnen usw. War sehr informativ\u2026<\/p>\n<p><a href=\"https:\/\/volkerontour.de\/wp-content\/uploads\/2012\/08\/DSC01610.jpg\"><img loading=\"lazy\" decoding=\"async\" style=\"background-image: none; border-bottom: 0px; border-left: 0px; padding-left: 0px; padding-right: 0px; display: inline; border-top: 0px; border-right: 0px; padding-top: 0px\" title=\"DSC01610\" border=\"0\" alt=\"DSC01610\" src=\"https:\/\/volkerontour.de\/wp-content\/uploads\/2012\/08\/DSC01610_thumb.jpg\" width=\"244\" height=\"184\"><\/a>&nbsp;<a href=\"https:\/\/volkerontour.de\/wp-content\/uploads\/2012\/08\/DSC01611.jpg\"><img loading=\"lazy\" decoding=\"async\" style=\"background-image: none; border-bottom: 0px; border-left: 0px; padding-left: 0px; padding-right: 0px; display: inline; border-top: 0px; border-right: 0px; padding-top: 0px\" title=\"DSC01611\" border=\"0\" alt=\"DSC01611\" src=\"https:\/\/volkerontour.de\/wp-content\/uploads\/2012\/08\/DSC01611_thumb.jpg\" width=\"244\" height=\"184\"><\/a><\/p>\n<p><a href=\"https:\/\/volkerontour.de\/wp-content\/uploads\/2012\/08\/DSC01618.jpg\"><img loading=\"lazy\" decoding=\"async\" style=\"background-image: none; border-bottom: 0px; border-left: 0px; padding-left: 0px; padding-right: 0px; display: inline; border-top: 0px; border-right: 0px; padding-top: 0px\" title=\"DSC01618\" border=\"0\" alt=\"DSC01618\" src=\"https:\/\/volkerontour.de\/wp-content\/uploads\/2012\/08\/DSC01618_thumb.jpg\" width=\"244\" height=\"184\"><\/a><\/p>\n<p>Bei diesem reichhaltigen Angebot habe ich mich nat\u00fcrlich nicht lumpen lassen und meine Alpaca-Kollektion f\u00fcr billiges Geld um eine M\u00fctze erweitert <img decoding=\"async\" style=\"border-bottom-style: none; border-left-style: none; border-top-style: none; border-right-style: none\" class=\"wlEmoticon wlEmoticon-smile\" alt=\"Smiley\" src=\"https:\/\/volkerontour.de\/wp-content\/uploads\/2012\/08\/wlEmoticon-smile9.png\"><\/p>\n<p>Unser Weg f\u00fchrte uns dann weiter ins Secret Valley, wo noch sehr viele gut erhaltene Inkabauten zu sehen waren\u2026<\/p>\n<p><a href=\"https:\/\/volkerontour.de\/wp-content\/uploads\/2012\/08\/DSC01625.jpg\"><img loading=\"lazy\" decoding=\"async\" style=\"background-image: none; border-bottom: 0px; border-left: 0px; padding-left: 0px; padding-right: 0px; display: inline; border-top: 0px; border-right: 0px; padding-top: 0px\" title=\"DSC01625\" border=\"0\" alt=\"DSC01625\" src=\"https:\/\/volkerontour.de\/wp-content\/uploads\/2012\/08\/DSC01625_thumb.jpg\" width=\"244\" height=\"184\"><\/a>&nbsp;<a href=\"https:\/\/volkerontour.de\/wp-content\/uploads\/2012\/08\/DSC01632.jpg\"><img loading=\"lazy\" decoding=\"async\" style=\"background-image: none; border-bottom: 0px; border-left: 0px; padding-left: 0px; padding-right: 0px; display: inline; border-top: 0px; border-right: 0px; padding-top: 0px\" title=\"DSC01632\" border=\"0\" alt=\"DSC01632\" src=\"https:\/\/volkerontour.de\/wp-content\/uploads\/2012\/08\/DSC01632_thumb.jpg\" width=\"244\" height=\"184\"><\/a><\/p>\n<p><a href=\"https:\/\/volkerontour.de\/wp-content\/uploads\/2012\/08\/DSC01640.jpg\"><img loading=\"lazy\" decoding=\"async\" style=\"background-image: none; border-bottom: 0px; border-left: 0px; margin: 0px; padding-left: 0px; padding-right: 0px; display: inline; border-top: 0px; border-right: 0px; padding-top: 0px\" title=\"DSC01640\" border=\"0\" alt=\"DSC01640\" src=\"https:\/\/volkerontour.de\/wp-content\/uploads\/2012\/08\/DSC01640_thumb.jpg\" width=\"244\" height=\"184\"><\/a>&nbsp;<a href=\"https:\/\/volkerontour.de\/wp-content\/uploads\/2012\/08\/DSC01636.jpg\"><img loading=\"lazy\" decoding=\"async\" style=\"background-image: none; border-bottom: 0px; border-left: 0px; padding-left: 0px; padding-right: 0px; display: inline; border-top: 0px; border-right: 0px; padding-top: 0px\" title=\"DSC01636\" border=\"0\" alt=\"DSC01636\" src=\"https:\/\/volkerontour.de\/wp-content\/uploads\/2012\/08\/DSC01636_thumb.jpg\" width=\"244\" height=\"184\"><\/a><\/p>\n<p>Efi konnte uns wirklich zu jedem Geb\u00e4ude, jeder Terrasse etwas Interessantes erz\u00e4hlen, dazu hatten wir gen\u00fcgend Zeit die (erstaunlicherweise) frei begehbaren Bauten selber zu erkunden und Fotos zu machen\u2026<\/p>\n<p>Unser Mittagessen nahmen wir auf halbem Weg nach Ollantanytambo ein, und es war wirklich \u201cInkalicious\u201d <img decoding=\"async\" style=\"border-bottom-style: none; border-left-style: none; border-top-style: none; border-right-style: none\" class=\"wlEmoticon wlEmoticon-smile\" alt=\"Smiley\" src=\"https:\/\/volkerontour.de\/wp-content\/uploads\/2012\/08\/wlEmoticon-smile9.png\"><\/p>\n<p><a href=\"https:\/\/volkerontour.de\/wp-content\/uploads\/2012\/08\/DSC01645.jpg\"><img loading=\"lazy\" decoding=\"async\" style=\"background-image: none; border-bottom: 0px; border-left: 0px; padding-left: 0px; padding-right: 0px; display: inline; border-top: 0px; border-right: 0px; padding-top: 0px\" title=\"DSC01645\" border=\"0\" alt=\"DSC01645\" src=\"https:\/\/volkerontour.de\/wp-content\/uploads\/2012\/08\/DSC01645_thumb.jpg\" width=\"244\" height=\"184\"><\/a>&nbsp;<a href=\"https:\/\/volkerontour.de\/wp-content\/uploads\/2012\/08\/DSC01647.jpg\"><img loading=\"lazy\" decoding=\"async\" style=\"background-image: none; border-bottom: 0px; border-left: 0px; padding-left: 0px; padding-right: 0px; display: inline; border-top: 0px; border-right: 0px; padding-top: 0px\" title=\"DSC01647\" border=\"0\" alt=\"DSC01647\" src=\"https:\/\/volkerontour.de\/wp-content\/uploads\/2012\/08\/DSC01647_thumb.jpg\" width=\"244\" height=\"184\"><\/a><\/p>\n<p>Gegen 14 Uhr kamen wir dann in Ollantaytambo an, der einzigen Stadt, in der die Bewohner (teilweise) noch mitten in den Inkabauten leben\u2026 Supersch\u00f6n, zwischen den Bergen gelegen. Kleine Gassen, viele kleine Cafes, St\u00e4nde und Handwerkerl\u00e4den\u2026<\/p>\n<p><a href=\"https:\/\/volkerontour.de\/wp-content\/uploads\/2012\/08\/DSC01650.jpg\"><img loading=\"lazy\" decoding=\"async\" style=\"background-image: none; border-bottom: 0px; border-left: 0px; padding-left: 0px; padding-right: 0px; display: inline; border-top: 0px; border-right: 0px; padding-top: 0px\" title=\"DSC01650\" border=\"0\" alt=\"DSC01650\" src=\"https:\/\/volkerontour.de\/wp-content\/uploads\/2012\/08\/DSC01650_thumb.jpg\" width=\"244\" height=\"184\"><\/a>&nbsp;<a href=\"https:\/\/volkerontour.de\/wp-content\/uploads\/2012\/08\/DSC01665.jpg\"><img loading=\"lazy\" decoding=\"async\" style=\"background-image: none; border-bottom: 0px; border-left: 0px; padding-left: 0px; padding-right: 0px; display: inline; border-top: 0px; border-right: 0px; padding-top: 0px\" title=\"DSC01665\" border=\"0\" alt=\"DSC01665\" src=\"https:\/\/volkerontour.de\/wp-content\/uploads\/2012\/08\/DSC01665_thumb.jpg\" width=\"244\" height=\"184\"><\/a><\/p>\n<p><a href=\"https:\/\/volkerontour.de\/wp-content\/uploads\/2012\/08\/DSC01666.jpg\"><img loading=\"lazy\" decoding=\"async\" style=\"background-image: none; border-bottom: 0px; border-left: 0px; padding-left: 0px; padding-right: 0px; display: inline; border-top: 0px; border-right: 0px; padding-top: 0px\" title=\"DSC01666\" border=\"0\" alt=\"DSC01666\" src=\"https:\/\/volkerontour.de\/wp-content\/uploads\/2012\/08\/DSC01666_thumb.jpg\" width=\"244\" height=\"184\"><\/a>&nbsp;<a href=\"https:\/\/volkerontour.de\/wp-content\/uploads\/2012\/08\/DSC01667.jpg\"><img loading=\"lazy\" decoding=\"async\" style=\"background-image: none; border-bottom: 0px; border-left: 0px; padding-left: 0px; padding-right: 0px; display: inline; border-top: 0px; border-right: 0px; padding-top: 0px\" title=\"DSC01667\" border=\"0\" alt=\"DSC01667\" src=\"https:\/\/volkerontour.de\/wp-content\/uploads\/2012\/08\/DSC01667_thumb.jpg\" width=\"244\" height=\"184\"><\/a><\/p>\n<p>Die Inkabauten wurden uns dann wieder sehr ausf\u00fchrlich von Efi erkl\u00e4rt\u2026 Sie sind wirklich spektakul\u00e4r, da sie quasi mit der Stadt verschmolzen sind und sich auch diese beiden angrenzenden Berge hochziehen\u2026<\/p>\n<p><a href=\"https:\/\/volkerontour.de\/wp-content\/uploads\/2012\/08\/DSC01655.jpg\"><img loading=\"lazy\" decoding=\"async\" style=\"background-image: none; border-bottom: 0px; border-left: 0px; padding-left: 0px; padding-right: 0px; display: inline; border-top: 0px; border-right: 0px; padding-top: 0px\" title=\"DSC01655\" border=\"0\" alt=\"DSC01655\" src=\"https:\/\/volkerontour.de\/wp-content\/uploads\/2012\/08\/DSC01655_thumb.jpg\" width=\"244\" height=\"184\"><\/a>&nbsp;<a href=\"https:\/\/volkerontour.de\/wp-content\/uploads\/2012\/08\/DSC01661.jpg\"><img loading=\"lazy\" decoding=\"async\" style=\"background-image: none; border-bottom: 0px; border-left: 0px; padding-left: 0px; padding-right: 0px; display: inline; border-top: 0px; border-right: 0px; padding-top: 0px\" title=\"DSC01661\" border=\"0\" alt=\"DSC01661\" src=\"https:\/\/volkerontour.de\/wp-content\/uploads\/2012\/08\/DSC01661_thumb.jpg\" width=\"244\" height=\"184\"><\/a><\/p>\n<p><a href=\"https:\/\/volkerontour.de\/wp-content\/uploads\/2012\/08\/DSC01662.jpg\"><img loading=\"lazy\" decoding=\"async\" style=\"background-image: none; border-bottom: 0px; border-left: 0px; padding-left: 0px; padding-right: 0px; display: inline; border-top: 0px; border-right: 0px; padding-top: 0px\" title=\"DSC01662\" border=\"0\" alt=\"DSC01662\" src=\"https:\/\/volkerontour.de\/wp-content\/uploads\/2012\/08\/DSC01662_thumb.jpg\" width=\"244\" height=\"184\"><\/a>&nbsp;<a href=\"https:\/\/volkerontour.de\/wp-content\/uploads\/2012\/08\/DSC01653.jpg\"><img loading=\"lazy\" decoding=\"async\" style=\"background-image: none; border-bottom: 0px; border-left: 0px; padding-left: 0px; padding-right: 0px; display: inline; border-top: 0px; border-right: 0px; padding-top: 0px\" title=\"DSC01653\" border=\"0\" alt=\"DSC01653\" src=\"https:\/\/volkerontour.de\/wp-content\/uploads\/2012\/08\/DSC01653_thumb.jpg\" width=\"244\" height=\"184\"><\/a><\/p>\n<p>Nach dem Einchecken im Hotel hatten wir noch etwas Freizeit bis zum Abendessen. Anna und ich nutzen diese Zeit um mal den gegen\u00fcberliegenden Berg (auf den vier Bildern unten rechts zu sehen) hochzuklettern (bis etwa zur H\u00e4lfte) um bei sch\u00f6nem Sonnenuntergang einen Blick auf die Inkastadt zu haben\u2026 hat sich auch wirklich gelohnt!<\/p>\n<p><a href=\"https:\/\/volkerontour.de\/wp-content\/uploads\/2012\/08\/DSC01671.jpg\"><img loading=\"lazy\" decoding=\"async\" style=\"background-image: none; border-bottom: 0px; border-left: 0px; padding-left: 0px; padding-right: 0px; display: inline; border-top: 0px; border-right: 0px; padding-top: 0px\" title=\"DSC01671\" border=\"0\" alt=\"DSC01671\" src=\"https:\/\/volkerontour.de\/wp-content\/uploads\/2012\/08\/DSC01671_thumb.jpg\" width=\"244\" height=\"184\"><\/a>&nbsp;<a href=\"https:\/\/volkerontour.de\/wp-content\/uploads\/2012\/08\/DSC01676.jpg\"><img loading=\"lazy\" decoding=\"async\" style=\"background-image: none; border-bottom: 0px; border-left: 0px; padding-left: 0px; padding-right: 0px; display: inline; border-top: 0px; border-right: 0px; padding-top: 0px\" title=\"DSC01676\" border=\"0\" alt=\"DSC01676\" src=\"https:\/\/volkerontour.de\/wp-content\/uploads\/2012\/08\/DSC01676_thumb.jpg\" width=\"244\" height=\"184\"><\/a><\/p>\n<p><a href=\"https:\/\/volkerontour.de\/wp-content\/uploads\/2012\/08\/DSC01681.jpg\"><img loading=\"lazy\" decoding=\"async\" style=\"background-image: none; border-bottom: 0px; border-left: 0px; padding-left: 0px; padding-right: 0px; display: inline; border-top: 0px; border-right: 0px; padding-top: 0px\" title=\"DSC01681\" border=\"0\" alt=\"DSC01681\" src=\"https:\/\/volkerontour.de\/wp-content\/uploads\/2012\/08\/DSC01681_thumb.jpg\" width=\"244\" height=\"184\"><\/a>&nbsp;<a href=\"https:\/\/volkerontour.de\/wp-content\/uploads\/2012\/08\/DSC01677.jpg\"><img loading=\"lazy\" decoding=\"async\" style=\"background-image: none; border-bottom: 0px; border-left: 0px; padding-left: 0px; padding-right: 0px; display: inline; border-top: 0px; border-right: 0px; padding-top: 0px\" title=\"DSC01677\" border=\"0\" alt=\"DSC01677\" src=\"https:\/\/volkerontour.de\/wp-content\/uploads\/2012\/08\/DSC01677_thumb.jpg\" width=\"244\" height=\"184\"><\/a><\/p>\n<p>Nach dem Abstieg und einem schnellen Abendessen in einem netten bolivianischen Restaurant ging es dann f\u00fcr alle sehr z\u00fcgig ins Bett, denn ab morgen geht es in die Berge Richtung Machu Picchu, mit Zelt\u00fcbernachtungen jenseits des Gefrierpunktes\u2026 In den Zelten wird es eher kein W-Lan haben, deshalb melde ich mich hier wieder in drei Tagen mit hoffentlich interessanten und eindrucksvollen Hiking-Bildern\u2026 man darf gespannt sein <img decoding=\"async\" style=\"border-bottom-style: none; border-left-style: none; border-top-style: none; border-right-style: none\" class=\"wlEmoticon wlEmoticon-smile\" alt=\"Smiley\" src=\"https:\/\/volkerontour.de\/wp-content\/uploads\/2012\/08\/wlEmoticon-smile9.png\"><\/p>\n<p>W\u00fcnsche bis dahin allen eine gute Zeit und mal wieder einen Gruss <img decoding=\"async\" style=\"border-bottom-style: none; border-left-style: none; border-top-style: none; border-right-style: none\" class=\"wlEmoticon wlEmoticon-smile\" alt=\"Smiley\" src=\"https:\/\/volkerontour.de\/wp-content\/uploads\/2012\/08\/wlEmoticon-smile9.png\"><\/p>\n","protected":false},"excerpt":{"rendered":"<p>Donnerstag, 09.08.: Am heutigen Donnerstag ging unsere Reise zu den Inkas los\u2026 In Secret Valley und Ollantaytambo sollten wir auf tolle \u201c\u00dcberbleibsel\u201d dieser l\u00e4ngst ausgestorbenen, aber dennoch faszinierenden Kultur treffen. Von Anfang des 14. Jahrhunderts bis Mitte des 16. Jahrhunderts &hellip; <a href=\"https:\/\/volkerontour.de\/?p=906\">Weiterlesen <span class=\"meta-nav\">&rarr;<\/span><\/a><\/p>\n","protected":false},"author":3,"featured_media":0,"comment_status":"closed","ping_status":"open","sticky":false,"template":"","format":"standard","meta":{"footnotes":""},"categories":[1],"tags":[],"class_list":["post-906","post","type-post","status-publish","format-standard","hentry","category-uncategorized"],"_links":{"self":[{"href":"https:\/\/volkerontour.de\/index.php?rest_route=\/wp\/v2\/posts\/906","targetHints":{"allow":["GET"]}}],"collection":[{"href":"https:\/\/volkerontour.de\/index.php?rest_route=\/wp\/v2\/posts"}],"about":[{"href":"https:\/\/volkerontour.de\/index.php?rest_route=\/wp\/v2\/types\/post"}],"author":[{"embeddable":true,"href":"https:\/\/volkerontour.de\/index.php?rest_route=\/wp\/v2\/users\/3"}],"replies":[{"embeddable":true,"href":"https:\/\/volkerontour.de\/index.php?rest_route=%2Fwp%2Fv2%2Fcomments&post=906"}],"version-history":[{"count":0,"href":"https:\/\/volkerontour.de\/index.php?rest_route=\/wp\/v2\/posts\/906\/revisions"}],"wp:attachment":[{"href":"https:\/\/volkerontour.de\/index.php?rest_route=%2Fwp%2Fv2%2Fmedia&parent=906"}],"wp:term":[{"taxonomy":"category","embeddable":true,"href":"https:\/\/volkerontour.de\/index.php?rest_route=%2Fwp%2Fv2%2Fcategories&post=906"},{"taxonomy":"post_tag","embeddable":true,"href":"https:\/\/volkerontour.de\/index.php?rest_route=%2Fwp%2Fv2%2Ftags&post=906"}],"curies":[{"name":"wp","href":"https:\/\/api.w.org\/{rel}","templated":true}]}}