{"id":967,"date":"2012-08-14T01:34:39","date_gmt":"2012-08-14T01:34:39","guid":{"rendered":"http:\/\/volkerontour.de\/?p=967"},"modified":"2012-08-14T01:34:39","modified_gmt":"2012-08-14T01:34:39","slug":"tag-20-lares-trek-teil-1","status":"publish","type":"post","link":"https:\/\/volkerontour.de\/?p=967","title":{"rendered":"Tag 20: Lares Trek Teil 1"},"content":{"rendered":"<p>Freitag, 10.08.: P\u00fcnktlich um acht Uhr wurden wir vom kompletten Lares Trek-Team (Guide, Assistent Guide, Koch, K\u00fcchenhilfe und Bedienung) am Hotel abgeholt. Heute starteten wir also zu unserer dreit\u00e4gigen Hikingtour durch die Anden\u2026 Der Lares Trek ist eine der bekanntesten und beliebtesten Bergwandertouren Perus. Vor allem die abwechslungsreiche Landschaft und Tierwelt machen diese Strecke einzigartig.&nbsp; Dabei sollten uns \u201cmal wieder\u201d extreme Temperaturen (bis \u201315 Grad nachts) und H\u00f6hen (bis 4636m) erwarten. Bevor es jedoch losging standen noch einige andere Punkte auf dem Programm\u2026 Unser Guide mit dem typisch bolivianischen Namen \u201cHubert\u201d\u2026 (sieht hier zwar aus wie ein Bombenleger ist aber eigentlich ganz l\u00e4ssig drauf)<\/p>\n<p><a href=\"https:\/\/volkerontour.de\/wp-content\/uploads\/2012\/08\/DSC01705.jpg\"><img loading=\"lazy\" decoding=\"async\" style=\"background-image: none; border-right-width: 0px; margin: 0px; padding-left: 0px; padding-right: 0px; display: inline; border-top-width: 0px; border-bottom-width: 0px; border-left-width: 0px; padding-top: 0px\" title=\"DSC01705\" border=\"0\" alt=\"DSC01705\" src=\"https:\/\/volkerontour.de\/wp-content\/uploads\/2012\/08\/DSC01705_thumb.jpg\" width=\"184\" height=\"244\"><\/a><\/p>\n<p>\u2026informierte uns kurz \u00fcber den Ablauf des Tages\u2026 Auf dem Lares Trek sollten wir auf viele Kinder treffen, die sich \u00fcber kleinere Mitbringsel freuen\u2026 also hielten wir auf halben Weg nach Lares Town kurz in Calca um dort auf dem Markt einige Fr\u00fcchte und Brot zu kaufen\u2026 und auch einige Snacks und Wasser f\u00fcr uns.<\/p>\n<p><a href=\"https:\/\/volkerontour.de\/wp-content\/uploads\/2012\/08\/DSC01694.jpg\"><img loading=\"lazy\" decoding=\"async\" style=\"background-image: none; border-right-width: 0px; padding-left: 0px; padding-right: 0px; display: inline; border-top-width: 0px; border-bottom-width: 0px; border-left-width: 0px; padding-top: 0px\" title=\"DSC01694\" border=\"0\" alt=\"DSC01694\" src=\"https:\/\/volkerontour.de\/wp-content\/uploads\/2012\/08\/DSC01694_thumb.jpg\" width=\"244\" height=\"184\"><\/a>&nbsp;<a href=\"https:\/\/volkerontour.de\/wp-content\/uploads\/2012\/08\/DSC01695.jpg\"><img loading=\"lazy\" decoding=\"async\" style=\"background-image: none; border-right-width: 0px; padding-left: 0px; padding-right: 0px; display: inline; border-top-width: 0px; border-bottom-width: 0px; border-left-width: 0px; padding-top: 0px\" title=\"DSC01695\" border=\"0\" alt=\"DSC01695\" src=\"https:\/\/volkerontour.de\/wp-content\/uploads\/2012\/08\/DSC01695_thumb.jpg\" width=\"244\" height=\"184\"><\/a><\/p>\n<p>Kurz vor Lares Town hielten wir dann nochmal an um einen tollen Ausblick auf einige Inkabauten und eines sch\u00f6nes Tal zu haben\u2026<\/p>\n<p><a href=\"https:\/\/volkerontour.de\/wp-content\/uploads\/2012\/08\/DSC01698.jpg\"><img loading=\"lazy\" decoding=\"async\" style=\"background-image: none; border-right-width: 0px; padding-left: 0px; padding-right: 0px; display: inline; border-top-width: 0px; border-bottom-width: 0px; border-left-width: 0px; padding-top: 0px\" title=\"DSC01698\" border=\"0\" alt=\"DSC01698\" src=\"https:\/\/volkerontour.de\/wp-content\/uploads\/2012\/08\/DSC01698_thumb.jpg\" width=\"244\" height=\"184\"><\/a>&nbsp;<a href=\"https:\/\/volkerontour.de\/wp-content\/uploads\/2012\/08\/DSC01699.jpg\"><img loading=\"lazy\" decoding=\"async\" style=\"background-image: none; border-right-width: 0px; padding-left: 0px; padding-right: 0px; display: inline; border-top-width: 0px; border-bottom-width: 0px; border-left-width: 0px; padding-top: 0px\" title=\"DSC01699\" border=\"0\" alt=\"DSC01699\" src=\"https:\/\/volkerontour.de\/wp-content\/uploads\/2012\/08\/DSC01699_thumb.jpg\" width=\"244\" height=\"184\"><\/a><\/p>\n<p>Ausserdem gab es dort zwei Kondore zu bestaunen, die auch regelm\u00e4ssig fliegen d\u00fcrfen, und sch\u00f6nerweise gerade gef\u00fcttert wurden\u2026 ganz sch\u00f6n gross die beiden V\u00f6gel\u2026<\/p>\n<p><a href=\"https:\/\/volkerontour.de\/wp-content\/uploads\/2012\/08\/DSC01701.jpg\"><img loading=\"lazy\" decoding=\"async\" style=\"background-image: none; border-right-width: 0px; padding-left: 0px; padding-right: 0px; display: inline; border-top-width: 0px; border-bottom-width: 0px; border-left-width: 0px; padding-top: 0px\" title=\"DSC01701\" border=\"0\" alt=\"DSC01701\" src=\"https:\/\/volkerontour.de\/wp-content\/uploads\/2012\/08\/DSC01701_thumb.jpg\" width=\"244\" height=\"184\"><\/a>&nbsp;<a href=\"https:\/\/volkerontour.de\/wp-content\/uploads\/2012\/08\/DSC01706.jpg\"><img loading=\"lazy\" decoding=\"async\" style=\"background-image: none; border-right-width: 0px; padding-left: 0px; padding-right: 0px; display: inline; border-top-width: 0px; border-bottom-width: 0px; border-left-width: 0px; padding-top: 0px\" title=\"DSC01706\" border=\"0\" alt=\"DSC01706\" src=\"https:\/\/volkerontour.de\/wp-content\/uploads\/2012\/08\/DSC01706_thumb.jpg\" width=\"244\" height=\"184\"><\/a><\/p>\n<p>Die zwei Jungs standen da auch rum und hatten Spass <img decoding=\"async\" style=\"border-bottom-style: none; border-left-style: none; border-top-style: none; border-right-style: none\" class=\"wlEmoticon wlEmoticon-openmouthedsmile\" alt=\"Smiley mit ge&ouml;ffnetem Mund\" src=\"https:\/\/volkerontour.de\/wp-content\/uploads\/2012\/08\/wlEmoticon-openmouthedsmile4.png\"><\/p>\n<p><a href=\"https:\/\/volkerontour.de\/wp-content\/uploads\/2012\/08\/DSC01707.jpg\"><img loading=\"lazy\" decoding=\"async\" style=\"background-image: none; border-right-width: 0px; padding-left: 0px; padding-right: 0px; display: inline; border-top-width: 0px; border-bottom-width: 0px; border-left-width: 0px; padding-top: 0px\" title=\"DSC01707\" border=\"0\" alt=\"DSC01707\" src=\"https:\/\/volkerontour.de\/wp-content\/uploads\/2012\/08\/DSC01707_thumb.jpg\" width=\"244\" height=\"184\"><\/a><\/p>\n<p>Gegen Mittag kamen wir dann in Lares Town (der Ausgangsstation unserer Tour) an\u2026 wer Lust hatte konnte die dort befindlichen heissen Quellen testen\u2026<\/p>\n<p><a href=\"https:\/\/volkerontour.de\/wp-content\/uploads\/2012\/08\/DSC01714.jpg\"><img loading=\"lazy\" decoding=\"async\" style=\"background-image: none; border-right-width: 0px; padding-left: 0px; padding-right: 0px; display: inline; border-top-width: 0px; border-bottom-width: 0px; border-left-width: 0px; padding-top: 0px\" title=\"DSC01714\" border=\"0\" alt=\"DSC01714\" src=\"https:\/\/volkerontour.de\/wp-content\/uploads\/2012\/08\/DSC01714_thumb.jpg\" width=\"244\" height=\"184\"><\/a>&nbsp;<a href=\"https:\/\/volkerontour.de\/wp-content\/uploads\/2012\/08\/DSC01717.jpg\"><img loading=\"lazy\" decoding=\"async\" style=\"background-image: none; border-right-width: 0px; padding-left: 0px; padding-right: 0px; display: inline; border-top-width: 0px; border-bottom-width: 0px; border-left-width: 0px; padding-top: 0px\" title=\"DSC01717\" border=\"0\" alt=\"DSC01717\" src=\"https:\/\/volkerontour.de\/wp-content\/uploads\/2012\/08\/DSC01717_thumb.jpg\" width=\"244\" height=\"184\"><\/a><\/p>\n<p>Nach einem kurzen Lunch gings dann los mit dem Lares Trek. Insgesamt waren wir zu zehnt. Gen, Michelle, Anusha, Janine, Anna und ich aus unserer Gruppe, sowie vier andere GoXplore Reisende aus einer anderen Gruppe\u2026<\/p>\n<p><a href=\"https:\/\/volkerontour.de\/wp-content\/uploads\/2012\/08\/DSC01720.jpg\"><img loading=\"lazy\" decoding=\"async\" style=\"background-image: none; border-right-width: 0px; padding-left: 0px; padding-right: 0px; display: inline; border-top-width: 0px; border-bottom-width: 0px; border-left-width: 0px; padding-top: 0px\" title=\"DSC01720\" border=\"0\" alt=\"DSC01720\" src=\"https:\/\/volkerontour.de\/wp-content\/uploads\/2012\/08\/DSC01720_thumb.jpg\" width=\"244\" height=\"184\"><\/a><\/p>\n<p>Da wir heute ja \u201cerst\u201d mittags starteten war die zu \u00fcberwindende Distanz mit sieben Kilometern recht \u00fcberschaubar. Dabei sollten wir von 3200m bis auf 3800m aufsteigen. Die ersten 2km waren recht steil und anspruchsvoll, bevor es dann relativ gleichm\u00e4ssig, aber nicht zu steil bergauf ging.<\/p>\n<p><a href=\"https:\/\/volkerontour.de\/wp-content\/uploads\/2012\/08\/DSC01722.jpg\"><img loading=\"lazy\" decoding=\"async\" style=\"background-image: none; border-right-width: 0px; margin: 0px; padding-left: 0px; padding-right: 0px; display: inline; border-top-width: 0px; border-bottom-width: 0px; border-left-width: 0px; padding-top: 0px\" title=\"DSC01722\" border=\"0\" alt=\"DSC01722\" src=\"https:\/\/volkerontour.de\/wp-content\/uploads\/2012\/08\/DSC01722_thumb.jpg\" width=\"244\" height=\"184\"><\/a>&nbsp;<a href=\"https:\/\/volkerontour.de\/wp-content\/uploads\/2012\/08\/DSC01725.jpg\"><img loading=\"lazy\" decoding=\"async\" style=\"background-image: none; border-right-width: 0px; padding-left: 0px; padding-right: 0px; display: inline; border-top-width: 0px; border-bottom-width: 0px; border-left-width: 0px; padding-top: 0px\" title=\"DSC01725\" border=\"0\" alt=\"DSC01725\" src=\"https:\/\/volkerontour.de\/wp-content\/uploads\/2012\/08\/DSC01725_thumb.jpg\" width=\"244\" height=\"184\"><\/a><\/p>\n<p>Einige hatten hier und da ein klein wenig Probleme mit der H\u00f6he und der Anstrengung, aber wir machten genug Pausen, in denen Hubert immer wieder interessante Details \u00fcber die Inkas und den Lares Trek zum besten gab\u2026 und wenn er mal nichts zu sagen hatte packte Gen ihre Ukulele aus\u2026 <img decoding=\"async\" style=\"border-bottom-style: none; border-left-style: none; border-top-style: none; border-right-style: none\" class=\"wlEmoticon wlEmoticon-smile\" alt=\"Smiley\" src=\"https:\/\/volkerontour.de\/wp-content\/uploads\/2012\/08\/wlEmoticon-smile10.png\"><\/p>\n<p><a href=\"https:\/\/volkerontour.de\/wp-content\/uploads\/2012\/08\/DSC01724.jpg\"><img loading=\"lazy\" decoding=\"async\" style=\"background-image: none; border-right-width: 0px; padding-left: 0px; padding-right: 0px; display: inline; border-top-width: 0px; border-bottom-width: 0px; border-left-width: 0px; padding-top: 0px\" title=\"DSC01724\" border=\"0\" alt=\"DSC01724\" src=\"https:\/\/volkerontour.de\/wp-content\/uploads\/2012\/08\/DSC01724_thumb.jpg\" width=\"244\" height=\"184\"><\/a>&nbsp;<a href=\"https:\/\/volkerontour.de\/wp-content\/uploads\/2012\/08\/DSC01741.jpg\"><img loading=\"lazy\" decoding=\"async\" style=\"background-image: none; border-right-width: 0px; padding-left: 0px; padding-right: 0px; display: inline; border-top-width: 0px; border-bottom-width: 0px; border-left-width: 0px; padding-top: 0px\" title=\"DSC01741\" border=\"0\" alt=\"DSC01741\" src=\"https:\/\/volkerontour.de\/wp-content\/uploads\/2012\/08\/DSC01741_thumb.jpg\" width=\"244\" height=\"184\"><\/a><\/p>\n<p>Unser Gep\u00e4ck, sowie unser Essen und unser restliches Gep\u00e4ck \u00fcberholten uns ab und zu <img decoding=\"async\" style=\"border-bottom-style: none; border-left-style: none; border-top-style: none; border-right-style: none\" class=\"wlEmoticon wlEmoticon-smile\" alt=\"Smiley\" src=\"https:\/\/volkerontour.de\/wp-content\/uploads\/2012\/08\/wlEmoticon-smile10.png\"><\/p>\n<p><a href=\"https:\/\/volkerontour.de\/wp-content\/uploads\/2012\/08\/DSC01730.jpg\"><img loading=\"lazy\" decoding=\"async\" style=\"background-image: none; border-right-width: 0px; padding-left: 0px; padding-right: 0px; display: inline; border-top-width: 0px; border-bottom-width: 0px; border-left-width: 0px; padding-top: 0px\" title=\"DSC01730\" border=\"0\" alt=\"DSC01730\" src=\"https:\/\/volkerontour.de\/wp-content\/uploads\/2012\/08\/DSC01730_thumb.jpg\" width=\"244\" height=\"184\"><\/a><\/p>\n<p>Meine auf dem Markt eingekauften Bananen und Orangen f\u00fcr die Kinder wurde ich auch sehr schnell los\u2026 sie sagten auch ganz lieb \u201cGracias\u201d\u2026<\/p>\n<p><a href=\"https:\/\/volkerontour.de\/wp-content\/uploads\/2012\/08\/DSC01731.jpg\"><img loading=\"lazy\" decoding=\"async\" style=\"background-image: none; border-right-width: 0px; padding-left: 0px; padding-right: 0px; display: inline; border-top-width: 0px; border-bottom-width: 0px; border-left-width: 0px; padding-top: 0px\" title=\"DSC01731\" border=\"0\" alt=\"DSC01731\" src=\"https:\/\/volkerontour.de\/wp-content\/uploads\/2012\/08\/DSC01731_thumb.jpg\" width=\"244\" height=\"184\"><\/a>&nbsp;<a href=\"https:\/\/volkerontour.de\/wp-content\/uploads\/2012\/08\/DSC01738.jpg\"><img loading=\"lazy\" decoding=\"async\" style=\"background-image: none; border-right-width: 0px; padding-left: 0px; padding-right: 0px; display: inline; border-top-width: 0px; border-bottom-width: 0px; border-left-width: 0px; padding-top: 0px\" title=\"DSC01738\" border=\"0\" alt=\"DSC01738\" src=\"https:\/\/volkerontour.de\/wp-content\/uploads\/2012\/08\/DSC01738_thumb.jpg\" width=\"244\" height=\"184\"><\/a><\/p>\n<p>Ansonsten war die Strecke heute wirklich sch\u00f6n, relativ einfach zu gehen und landschaftlich toll. Man hatte fast immer eine tolle Aussicht auf schneebedeckte Gipfel und tiefe T\u00e4ler\u2026 Lamas, Pferde, Ziegen, Schafe und Alpacas begegneten und st\u00e4ndig\u2026<\/p>\n<p><a href=\"https:\/\/volkerontour.de\/wp-content\/uploads\/2012\/08\/DSC01734.jpg\"><img loading=\"lazy\" decoding=\"async\" style=\"background-image: none; border-right-width: 0px; padding-left: 0px; padding-right: 0px; display: inline; border-top-width: 0px; border-bottom-width: 0px; border-left-width: 0px; padding-top: 0px\" title=\"DSC01734\" border=\"0\" alt=\"DSC01734\" src=\"https:\/\/volkerontour.de\/wp-content\/uploads\/2012\/08\/DSC01734_thumb.jpg\" width=\"244\" height=\"184\"><\/a>&nbsp;<a href=\"https:\/\/volkerontour.de\/wp-content\/uploads\/2012\/08\/DSC01739.jpg\"><img loading=\"lazy\" decoding=\"async\" style=\"background-image: none; border-right-width: 0px; padding-left: 0px; padding-right: 0px; display: inline; border-top-width: 0px; border-bottom-width: 0px; border-left-width: 0px; padding-top: 0px\" title=\"DSC01739\" border=\"0\" alt=\"DSC01739\" src=\"https:\/\/volkerontour.de\/wp-content\/uploads\/2012\/08\/DSC01739_thumb.jpg\" width=\"244\" height=\"184\"><\/a><\/p>\n<p>&nbsp;<a href=\"https:\/\/volkerontour.de\/wp-content\/uploads\/2012\/08\/DSC01742.jpg\"><img loading=\"lazy\" decoding=\"async\" style=\"background-image: none; border-right-width: 0px; padding-left: 0px; padding-right: 0px; display: inline; border-top-width: 0px; border-bottom-width: 0px; border-left-width: 0px; padding-top: 0px\" title=\"DSC01742\" border=\"0\" alt=\"DSC01742\" src=\"https:\/\/volkerontour.de\/wp-content\/uploads\/2012\/08\/DSC01742_thumb.jpg\" width=\"244\" height=\"184\"><\/a>&nbsp;<a href=\"https:\/\/volkerontour.de\/wp-content\/uploads\/2012\/08\/DSC01733.jpg\"><img loading=\"lazy\" decoding=\"async\" style=\"background-image: none; border-right-width: 0px; padding-left: 0px; padding-right: 0px; display: inline; border-top-width: 0px; border-bottom-width: 0px; border-left-width: 0px; padding-top: 0px\" title=\"DSC01733\" border=\"0\" alt=\"DSC01733\" src=\"https:\/\/volkerontour.de\/wp-content\/uploads\/2012\/08\/DSC01733_thumb.jpg\" width=\"244\" height=\"184\"><\/a><\/p>\n<p><a href=\"https:\/\/volkerontour.de\/wp-content\/uploads\/2012\/08\/DSC01750.jpg\"><img loading=\"lazy\" decoding=\"async\" style=\"background-image: none; border-right-width: 0px; padding-left: 0px; padding-right: 0px; display: inline; border-top-width: 0px; border-bottom-width: 0px; border-left-width: 0px; padding-top: 0px\" title=\"DSC01750\" border=\"0\" alt=\"DSC01750\" src=\"https:\/\/volkerontour.de\/wp-content\/uploads\/2012\/08\/DSC01750_thumb.jpg\" width=\"244\" height=\"184\"><\/a>&nbsp;<a href=\"https:\/\/volkerontour.de\/wp-content\/uploads\/2012\/08\/DSC01754.jpg\"><img loading=\"lazy\" decoding=\"async\" style=\"background-image: none; border-right-width: 0px; padding-left: 0px; padding-right: 0px; display: inline; border-top-width: 0px; border-bottom-width: 0px; border-left-width: 0px; padding-top: 0px\" title=\"DSC01754\" border=\"0\" alt=\"DSC01754\" src=\"https:\/\/volkerontour.de\/wp-content\/uploads\/2012\/08\/DSC01754_thumb.jpg\" width=\"244\" height=\"184\"><\/a><\/p>\n<p>Gegen 17 Uhr erreichten wir dann unser \u201cHotel\u201d f\u00fcr diese Nacht in Huacahuasi. Es bestand aus sieben Zelten\u2026 <img decoding=\"async\" style=\"border-bottom-style: none; border-left-style: none; border-top-style: none; border-right-style: none\" class=\"wlEmoticon wlEmoticon-smile\" alt=\"Smiley\" src=\"https:\/\/volkerontour.de\/wp-content\/uploads\/2012\/08\/wlEmoticon-smile10.png\"><\/p>\n<p><a href=\"https:\/\/volkerontour.de\/wp-content\/uploads\/2012\/08\/DSC01755.jpg\"><img loading=\"lazy\" decoding=\"async\" style=\"background-image: none; border-right-width: 0px; padding-left: 0px; padding-right: 0px; display: inline; border-top-width: 0px; border-bottom-width: 0px; border-left-width: 0px; padding-top: 0px\" title=\"DSC01755\" border=\"0\" alt=\"DSC01755\" src=\"https:\/\/volkerontour.de\/wp-content\/uploads\/2012\/08\/DSC01755_thumb.jpg\" width=\"244\" height=\"184\"><\/a>&nbsp;<a href=\"https:\/\/volkerontour.de\/wp-content\/uploads\/2012\/08\/DSC01757.jpg\"><img loading=\"lazy\" decoding=\"async\" style=\"background-image: none; border-right-width: 0px; padding-left: 0px; padding-right: 0px; display: inline; border-top-width: 0px; border-bottom-width: 0px; border-left-width: 0px; padding-top: 0px\" title=\"DSC01757\" border=\"0\" alt=\"DSC01757\" src=\"https:\/\/volkerontour.de\/wp-content\/uploads\/2012\/08\/DSC01757_thumb.jpg\" width=\"244\" height=\"184\"><\/a><\/p>\n<p><a href=\"https:\/\/volkerontour.de\/wp-content\/uploads\/2012\/08\/DSC01758.jpg\"><img loading=\"lazy\" decoding=\"async\" style=\"background-image: none; border-right-width: 0px; padding-left: 0px; padding-right: 0px; display: inline; border-top-width: 0px; border-bottom-width: 0px; border-left-width: 0px; padding-top: 0px\" title=\"DSC01758\" border=\"0\" alt=\"DSC01758\" src=\"https:\/\/volkerontour.de\/wp-content\/uploads\/2012\/08\/DSC01758_thumb.jpg\" width=\"244\" height=\"184\"><\/a><\/p>\n<p>Nach dem \u201cCheck In\u201d gab es erstmal ein paar heisse Getr\u00e4nke. Eine gemeinsame Runde Kartenspielen sowie ein tolles Abendessen beschlossen den sch\u00f6nen Tag auf dem Lares Trek\u2026 Da alle ziemlich m\u00fcde waren und morgen ein langer und anstrengender Tag auf dem Programm stand gingen die wenigen vorhandenen Lichter danach ziemlich schnell aus\u2026 <\/p>\n<p><a href=\"https:\/\/volkerontour.de\/wp-content\/uploads\/2012\/08\/DSC01759.jpg\"><img loading=\"lazy\" decoding=\"async\" style=\"background-image: none; border-right-width: 0px; padding-left: 0px; padding-right: 0px; display: inline; border-top-width: 0px; border-bottom-width: 0px; border-left-width: 0px; padding-top: 0px\" title=\"DSC01759\" border=\"0\" alt=\"DSC01759\" src=\"https:\/\/volkerontour.de\/wp-content\/uploads\/2012\/08\/DSC01759_thumb.jpg\" width=\"244\" height=\"184\"><\/a>&nbsp;<a href=\"https:\/\/volkerontour.de\/wp-content\/uploads\/2012\/08\/DSC01761.jpg\"><img loading=\"lazy\" decoding=\"async\" style=\"background-image: none; border-right-width: 0px; padding-left: 0px; padding-right: 0px; display: inline; border-top-width: 0px; border-bottom-width: 0px; border-left-width: 0px; padding-top: 0px\" title=\"DSC01761\" border=\"0\" alt=\"DSC01761\" src=\"https:\/\/volkerontour.de\/wp-content\/uploads\/2012\/08\/DSC01761_thumb.jpg\" width=\"244\" height=\"184\"><\/a><\/p>\n<p>Morgen gehts dann ein bisschen mehr zur Sache. 17km Wanderung stehen auf dem Programm. Dabei \u00fcberwinden wir gegen Mittag die h\u00f6chste Stelle des Lares Treks mit 4636m \u00fcber dem Meeresspiegel. Unser Zeltlager morgen liegt dann auf 4100m H\u00f6he. Ich freu mich drauf\u2026 <img decoding=\"async\" style=\"border-bottom-style: none; border-left-style: none; border-top-style: none; border-right-style: none\" class=\"wlEmoticon wlEmoticon-smile\" alt=\"Smiley\" src=\"https:\/\/volkerontour.de\/wp-content\/uploads\/2012\/08\/wlEmoticon-smile10.png\"><\/p>\n<p>Ich werde mich jetzt mal in mein Zelt begeben und hoffe, dass mich meine 4 Schichten Klamotten sowie mein Schlafsack ordentlich w\u00e4rmen\u2026 Gute Nacht und mal wieder Gr\u00fcsse aus den Anden.<\/p>\n","protected":false},"excerpt":{"rendered":"<p>Freitag, 10.08.: P\u00fcnktlich um acht Uhr wurden wir vom kompletten Lares Trek-Team (Guide, Assistent Guide, Koch, K\u00fcchenhilfe und Bedienung) am Hotel abgeholt. Heute starteten wir also zu unserer dreit\u00e4gigen Hikingtour durch die Anden\u2026 Der Lares Trek ist eine der bekanntesten &hellip; <a href=\"https:\/\/volkerontour.de\/?p=967\">Weiterlesen <span class=\"meta-nav\">&rarr;<\/span><\/a><\/p>\n","protected":false},"author":3,"featured_media":0,"comment_status":"closed","ping_status":"open","sticky":false,"template":"","format":"standard","meta":{"footnotes":""},"categories":[1],"tags":[],"class_list":["post-967","post","type-post","status-publish","format-standard","hentry","category-uncategorized"],"_links":{"self":[{"href":"https:\/\/volkerontour.de\/index.php?rest_route=\/wp\/v2\/posts\/967","targetHints":{"allow":["GET"]}}],"collection":[{"href":"https:\/\/volkerontour.de\/index.php?rest_route=\/wp\/v2\/posts"}],"about":[{"href":"https:\/\/volkerontour.de\/index.php?rest_route=\/wp\/v2\/types\/post"}],"author":[{"embeddable":true,"href":"https:\/\/volkerontour.de\/index.php?rest_route=\/wp\/v2\/users\/3"}],"replies":[{"embeddable":true,"href":"https:\/\/volkerontour.de\/index.php?rest_route=%2Fwp%2Fv2%2Fcomments&post=967"}],"version-history":[{"count":0,"href":"https:\/\/volkerontour.de\/index.php?rest_route=\/wp\/v2\/posts\/967\/revisions"}],"wp:attachment":[{"href":"https:\/\/volkerontour.de\/index.php?rest_route=%2Fwp%2Fv2%2Fmedia&parent=967"}],"wp:term":[{"taxonomy":"category","embeddable":true,"href":"https:\/\/volkerontour.de\/index.php?rest_route=%2Fwp%2Fv2%2Fcategories&post=967"},{"taxonomy":"post_tag","embeddable":true,"href":"https:\/\/volkerontour.de\/index.php?rest_route=%2Fwp%2Fv2%2Ftags&post=967"}],"curies":[{"name":"wp","href":"https:\/\/api.w.org\/{rel}","templated":true}]}}